{"id":10197,"date":"2021-07-23T15:36:30","date_gmt":"2021-07-23T13:36:30","guid":{"rendered":"http:\/\/www.wegmetderandstad.nl\/wordpress\/?p=10197"},"modified":"2021-07-23T15:36:30","modified_gmt":"2021-07-23T13:36:30","slug":"diversiteit-as-literer-kriterium","status":"publish","type":"post","link":"https:\/\/www.wegmetderandstad.nl\/wordpress\/?p=10197","title":{"rendered":"&#8216;Diversiteit&#8217; as liter\u00ear kriterium?"},"content":{"rendered":"<p>Okkerdeis kaam <em>City of Literature Ljouwert <\/em>mei in <a href=\"https:\/\/www.ensafh.nl\/?p=62271\" target=\"_blank\" rel=\"noopener\">ferhalewedstryd<\/a> foar it projekt &#8216;Utsteld Lok&#8217;. No, dat like my yn earste ynst\u00e2nsje wol wat. Fansels ek om&#8217;t jo der \u20ac 700,00 foar krije kinne. Dat kinne wy wol br\u00fbke yn dizze aparte tiden, no. Ek wol in moaie namme, <em>Utsteld Lok. <\/em><\/p>\n<p>Ik lies lykwols efkes fierder yn de regeleminten, en seach dit stean: <em>Basearre op kwaliteit, orizjinaliteit en ferskaat wurdt in seleksje makke fan likern\u00f4ch 35 ferhalen \u00fat alle ynstjoeringen. <\/em>Dus de ferhalen wurde ek op <em>ferskaat<\/em> beoardiele. <em>Diversiteit<\/em> is dat yn it Holl\u00e2nsk.<\/p>\n<p>No freegje ik my \u00f4f hoe&#8217;t soks yn &#8216;e praktyk wurkje sil. Hawwe jo mear k\u00e2ns op dy \u20ac 700, 00 as jo ien \u00fat de LHBTIQ-mienskip yn jo ferhaal opfiere? Of in &#8216;minsk fan kleur&#8217; as haadpersoan br\u00fbke? En is nammers kwaliteit en orzjinaliteit ek net \u00fatwikselber?<\/p>\n<p>Ik moat der daliks by sizze, oars krij ik faaks blauwe drek oer my hinne: ik haw neat op LHBTQ- en kleurde minsken tsjin, faaks krekt oarsom. Mar yn &#8216;e goedichheid, soks kin dochs nea in <em>liter\u00ear <\/em>kriterium w\u00eaze?<\/p>\n<p>Ik haw de organisaasje ek noch frege wa&#8217;t der yn &#8216;e sjuery sitte, mar haw gjin antwurd krige. Frijwat \u00fbnfatsoenlik alsa. Mar it sil <a href=\"http:\/\/www.wegmetderandstad.nl\/wordpress\/?tag=ernst-bruinsma\" target=\"_blank\" rel=\"noopener\">Ernst Bruinsma<\/a> wol wer w\u00eaze&#8230; En dan witte jo it wol&#8230;<\/p>\n<p>&nbsp;<\/p>\n","protected":false},"excerpt":{"rendered":"<p>Okkerdeis kaam City of Literature Ljouwert mei in ferhalewedstryd foar it projekt &#8216;Utsteld Lok&#8217;. No, dat like my yn earste ynst\u00e2nsje wol wat. Fansels ek om&#8217;t jo der \u20ac 700,00 foar krije kinne. Dat kinne wy wol br\u00fbke yn dizze aparte tiden, no. Ek wol in moaie namme, Utsteld Lok. Ik lies lykwols efkes fierder [&hellip;]<\/p>\n","protected":false},"author":1,"featured_media":0,"comment_status":"open","ping_status":"closed","sticky":false,"template":"","format":"standard","meta":{"footnotes":""},"categories":[3],"tags":[75],"class_list":["post-10197","post","type-post","status-publish","format-standard","hentry","category-bloch","tag-ernst-bruinsma"],"_links":{"self":[{"href":"https:\/\/www.wegmetderandstad.nl\/wordpress\/index.php?rest_route=\/wp\/v2\/posts\/10197","targetHints":{"allow":["GET"]}}],"collection":[{"href":"https:\/\/www.wegmetderandstad.nl\/wordpress\/index.php?rest_route=\/wp\/v2\/posts"}],"about":[{"href":"https:\/\/www.wegmetderandstad.nl\/wordpress\/index.php?rest_route=\/wp\/v2\/types\/post"}],"author":[{"embeddable":true,"href":"https:\/\/www.wegmetderandstad.nl\/wordpress\/index.php?rest_route=\/wp\/v2\/users\/1"}],"replies":[{"embeddable":true,"href":"https:\/\/www.wegmetderandstad.nl\/wordpress\/index.php?rest_route=%2Fwp%2Fv2%2Fcomments&post=10197"}],"version-history":[{"count":2,"href":"https:\/\/www.wegmetderandstad.nl\/wordpress\/index.php?rest_route=\/wp\/v2\/posts\/10197\/revisions"}],"predecessor-version":[{"id":10199,"href":"https:\/\/www.wegmetderandstad.nl\/wordpress\/index.php?rest_route=\/wp\/v2\/posts\/10197\/revisions\/10199"}],"wp:attachment":[{"href":"https:\/\/www.wegmetderandstad.nl\/wordpress\/index.php?rest_route=%2Fwp%2Fv2%2Fmedia&parent=10197"}],"wp:term":[{"taxonomy":"category","embeddable":true,"href":"https:\/\/www.wegmetderandstad.nl\/wordpress\/index.php?rest_route=%2Fwp%2Fv2%2Fcategories&post=10197"},{"taxonomy":"post_tag","embeddable":true,"href":"https:\/\/www.wegmetderandstad.nl\/wordpress\/index.php?rest_route=%2Fwp%2Fv2%2Ftags&post=10197"}],"curies":[{"name":"wp","href":"https:\/\/api.w.org\/{rel}","templated":true}]}}