{"id":10233,"date":"2022-04-08T14:34:51","date_gmt":"2022-04-08T12:34:51","guid":{"rendered":"http:\/\/www.wegmetderandstad.nl\/wordpress\/?p=10233"},"modified":"2022-04-08T15:26:09","modified_gmt":"2022-04-08T13:26:09","slug":"oersetting-jetske-bilker-oerstallich","status":"publish","type":"post","link":"https:\/\/www.wegmetderandstad.nl\/wordpress\/?p=10233","title":{"rendered":"Oersetting Jetske Bilker oerstallich"},"content":{"rendered":"<p>Hjoed in lang petear yn de LC mei Jetske Bilker, dy&#8217;t yn it ramt fan de Boekewike Pfeijffer \u00fat it Holl\u00e2nsk yn it Frysk oersetten hat. Ik fyn, sjoen de twatalige situaasje yn Frysl\u00e2n, sokke oersettingen folslein oerstallich en tiidfergriemen.<\/p>\n<p>En boppedat: de Fryske skriuwer leit no wer op &#8216;e knibbels foar de Holl\u00e2nske skriuwer&#8230;<\/p>\n<p>&nbsp;<\/p>\n","protected":false},"excerpt":{"rendered":"<p>Hjoed in lang petear yn de LC mei Jetske Bilker, dy&#8217;t yn it ramt fan de Boekewike Pfeijffer \u00fat it Holl\u00e2nsk yn it Frysk oersetten hat. Ik fyn, sjoen de twatalige situaasje yn Frysl\u00e2n, sokke oersettingen folslein oerstallich en tiidfergriemen. En boppedat: de Fryske skriuwer leit no wer op &#8216;e knibbels foar de Holl\u00e2nske skriuwer&#8230; [&hellip;]<\/p>\n","protected":false},"author":1,"featured_media":0,"comment_status":"open","ping_status":"closed","sticky":false,"template":"","format":"standard","meta":{"footnotes":""},"categories":[3],"tags":[532],"class_list":["post-10233","post","type-post","status-publish","format-standard","hentry","category-bloch","tag-jetske-bilker"],"_links":{"self":[{"href":"https:\/\/www.wegmetderandstad.nl\/wordpress\/index.php?rest_route=\/wp\/v2\/posts\/10233","targetHints":{"allow":["GET"]}}],"collection":[{"href":"https:\/\/www.wegmetderandstad.nl\/wordpress\/index.php?rest_route=\/wp\/v2\/posts"}],"about":[{"href":"https:\/\/www.wegmetderandstad.nl\/wordpress\/index.php?rest_route=\/wp\/v2\/types\/post"}],"author":[{"embeddable":true,"href":"https:\/\/www.wegmetderandstad.nl\/wordpress\/index.php?rest_route=\/wp\/v2\/users\/1"}],"replies":[{"embeddable":true,"href":"https:\/\/www.wegmetderandstad.nl\/wordpress\/index.php?rest_route=%2Fwp%2Fv2%2Fcomments&post=10233"}],"version-history":[{"count":2,"href":"https:\/\/www.wegmetderandstad.nl\/wordpress\/index.php?rest_route=\/wp\/v2\/posts\/10233\/revisions"}],"predecessor-version":[{"id":10235,"href":"https:\/\/www.wegmetderandstad.nl\/wordpress\/index.php?rest_route=\/wp\/v2\/posts\/10233\/revisions\/10235"}],"wp:attachment":[{"href":"https:\/\/www.wegmetderandstad.nl\/wordpress\/index.php?rest_route=%2Fwp%2Fv2%2Fmedia&parent=10233"}],"wp:term":[{"taxonomy":"category","embeddable":true,"href":"https:\/\/www.wegmetderandstad.nl\/wordpress\/index.php?rest_route=%2Fwp%2Fv2%2Fcategories&post=10233"},{"taxonomy":"post_tag","embeddable":true,"href":"https:\/\/www.wegmetderandstad.nl\/wordpress\/index.php?rest_route=%2Fwp%2Fv2%2Ftags&post=10233"}],"curies":[{"name":"wp","href":"https:\/\/api.w.org\/{rel}","templated":true}]}}