{"id":10270,"date":"2023-07-25T23:32:57","date_gmt":"2023-07-25T21:32:57","guid":{"rendered":"https:\/\/www.wegmetderandstad.nl\/wordpress\/?p=10270"},"modified":"2023-07-26T15:56:32","modified_gmt":"2023-07-26T13:56:32","slug":"pro-putin-propaganda-yn-it-friesch-dagblad","status":"publish","type":"post","link":"https:\/\/www.wegmetderandstad.nl\/wordpress\/?p=10270","title":{"rendered":"Pro Putin Propaganda fan Abe de Vries yn it Friesch Dagblad + update"},"content":{"rendered":"<p>Abe de Vries leveret hjoed in besprek fan de nijste bondel fan Arjan Hut. No stiet De Vries, troch syn berjochten op Facebook, bekend as ien dy&#8217;t him achter Putin opstelt en hy makket misbr\u00fbk fan syn macht as resensint troch \u00fbndersteande wappy-praat te ferkundigjen. En it Friesch Dagblad fynt it wol b\u00east.<\/p>\n<p>Part fan it besprek:<\/p>\n<p><img decoding=\"async\" class=\"css-9pa8cd\" draggable=\"true\" src=\"https:\/\/pbs.twimg.com\/media\/F16RmlWXgAImUBZ?format=png&amp;name=900x900\" alt=\"Afbeelding\" \/><\/p>\n<p>In berjocht op Facebook:<\/p>\n<p><a href=\"https:\/\/www.wegmetderandstad.nl\/wordpress\/wp-content\/uploads\/2023\/07\/Screenshot_2023-07-25_23-30-10.png\"><img loading=\"lazy\" decoding=\"async\" class=\"alignnone wp-image-10271 size-full\" src=\"https:\/\/www.wegmetderandstad.nl\/wordpress\/wp-content\/uploads\/2023\/07\/Screenshot_2023-07-25_23-30-10.png\" alt=\"\" width=\"717\" height=\"290\" srcset=\"https:\/\/www.wegmetderandstad.nl\/wordpress\/wp-content\/uploads\/2023\/07\/Screenshot_2023-07-25_23-30-10.png 717w, https:\/\/www.wegmetderandstad.nl\/wordpress\/wp-content\/uploads\/2023\/07\/Screenshot_2023-07-25_23-30-10-300x121.png 300w\" sizes=\"auto, (max-width: 717px) 100vw, 717px\" \/><\/a><\/p>\n<p>&nbsp;<\/p>\n<p>UPDATE: it oanbelangjende fragmint is fuorthelle troch de redaksje fan it Deibl\u00ead. Mar ik lit it hjir noch efkes stean.<\/p>\n","protected":false},"excerpt":{"rendered":"<p>Abe de Vries leveret hjoed in besprek fan de nijste bondel fan Arjan Hut. No stiet De Vries, troch syn berjochten op Facebook, bekend as ien dy&#8217;t him achter Putin opstelt en hy makket misbr\u00fbk fan syn macht as resensint troch \u00fbndersteande wappy-praat te ferkundigjen. En it Friesch Dagblad fynt it wol b\u00east. Part fan [&hellip;]<\/p>\n","protected":false},"author":1,"featured_media":0,"comment_status":"open","ping_status":"closed","sticky":false,"template":"","format":"standard","meta":{"footnotes":""},"categories":[3],"tags":[130,124],"class_list":["post-10270","post","type-post","status-publish","format-standard","hentry","category-bloch","tag-abe-de-vries","tag-friesch-dagblad"],"_links":{"self":[{"href":"https:\/\/www.wegmetderandstad.nl\/wordpress\/index.php?rest_route=\/wp\/v2\/posts\/10270","targetHints":{"allow":["GET"]}}],"collection":[{"href":"https:\/\/www.wegmetderandstad.nl\/wordpress\/index.php?rest_route=\/wp\/v2\/posts"}],"about":[{"href":"https:\/\/www.wegmetderandstad.nl\/wordpress\/index.php?rest_route=\/wp\/v2\/types\/post"}],"author":[{"embeddable":true,"href":"https:\/\/www.wegmetderandstad.nl\/wordpress\/index.php?rest_route=\/wp\/v2\/users\/1"}],"replies":[{"embeddable":true,"href":"https:\/\/www.wegmetderandstad.nl\/wordpress\/index.php?rest_route=%2Fwp%2Fv2%2Fcomments&post=10270"}],"version-history":[{"count":4,"href":"https:\/\/www.wegmetderandstad.nl\/wordpress\/index.php?rest_route=\/wp\/v2\/posts\/10270\/revisions"}],"predecessor-version":[{"id":10275,"href":"https:\/\/www.wegmetderandstad.nl\/wordpress\/index.php?rest_route=\/wp\/v2\/posts\/10270\/revisions\/10275"}],"wp:attachment":[{"href":"https:\/\/www.wegmetderandstad.nl\/wordpress\/index.php?rest_route=%2Fwp%2Fv2%2Fmedia&parent=10270"}],"wp:term":[{"taxonomy":"category","embeddable":true,"href":"https:\/\/www.wegmetderandstad.nl\/wordpress\/index.php?rest_route=%2Fwp%2Fv2%2Fcategories&post=10270"},{"taxonomy":"post_tag","embeddable":true,"href":"https:\/\/www.wegmetderandstad.nl\/wordpress\/index.php?rest_route=%2Fwp%2Fv2%2Ftags&post=10270"}],"curies":[{"name":"wp","href":"https:\/\/api.w.org\/{rel}","templated":true}]}}