{"id":10278,"date":"2023-10-10T13:37:22","date_gmt":"2023-10-10T11:37:22","guid":{"rendered":"https:\/\/www.wegmetderandstad.nl\/wordpress\/?p=10278"},"modified":"2023-10-10T14:56:46","modified_gmt":"2023-10-10T12:56:46","slug":"oprop-ta-boykot-stedsdichter-ljouwert","status":"publish","type":"post","link":"https:\/\/www.wegmetderandstad.nl\/wordpress\/?p=10278","title":{"rendered":"Oprop ta boykot Stedsdichter Ljouwert + updeet"},"content":{"rendered":"<p>Elkenien hat it meikrigen: de bisteftige misdieden fan Hamas yn Israel. Ut solidariteit mei Israel hat in oantal Nederl\u00e2nske gemeenten de Israelyske flagge \u00fatstutsen, bygelyks de gemeente <a href=\"https:\/\/twitter.com\/johkramer\/status\/1711377274673516568\" target=\"_blank\" rel=\"noopener\">Noardeast-Frysl\u00e2n<\/a>. Sa net \u00fb.o. Rotterdam, mar wat foar my as ynwenner noch slimmer is: ek de gemeente Ljouwert hat besletten om dizze flagge net \u00fat te stekken. Om formele redenen: de krekt like leffe Provinsje <a href=\"https:\/\/www.omropfryslan.nl\/fy\/nijs\/1226400\/gjin-israelyske-flagge-op-it-provinsjehus-yn-ljouwert\" target=\"_blank\" rel=\"noopener\">docht it ek net.<\/a> Mar Kommissaris fan de Kening Brok jout al wat hope: &#8220;Ik bin fan doel om takom jier nei Israel te gean&#8217;.\u00a0 Ja, d\u00ear sit Israel op te wachtsjen.<\/p>\n<p>In moreel djiptepunt foar de Fryske en Ljouwerter polityk.<\/p>\n<p>Wat kin in ienf\u00e2ldich dichter as ik hjir tsjin dwaan? No, jo witte it faaks, Ljouwert siket wer in <a href=\"https:\/\/www.leeuwarden.nl\/fy-nl\/ynwenners\/stedsdichter-fan-ljouwert\/\" target=\"_blank\" rel=\"noopener\">stedsdichter.<\/a> Ik wie nammers net fan doel om te sollisitearjen, want jo moatte ek fan alles organisearje. En ik wol ek net as in skoaljonkje wachtsje op de \u00fatslach fan it po\u00ebzij-eksamen.<\/p>\n<p>Nee, krekt oarsom: ik rop op om \u00fat protest tsjin de uterst leffe h\u00e2lding fan de Ljouwerter polityk de \u00fatferkiezing fan de Ljouwerter Stedsdichter te boykotsjen. Net sollisitearje dus. Ommers, as stedsdichter binne jo ek in soarte fan \u00fathingboerd foar de gemeente.<\/p>\n<p>In gemeente dy&#8217;t net de moed hat symboalysk te protestearjen tsjin barbaren.<\/p>\n<p>UPDEET: Dit h\u00e2ldt, sjoen de opstelling fan de Provinsje ek yn dat ik ek gjin Dichter fan Frysl\u00e2n wurde wol.<\/p>\n","protected":false},"excerpt":{"rendered":"<p>Elkenien hat it meikrigen: de bisteftige misdieden fan Hamas yn Israel. Ut solidariteit mei Israel hat in oantal Nederl\u00e2nske gemeenten de Israelyske flagge \u00fatstutsen, bygelyks de gemeente Noardeast-Frysl\u00e2n. Sa net \u00fb.o. Rotterdam, mar wat foar my as ynwenner noch slimmer is: ek de gemeente Ljouwert hat besletten om dizze flagge net \u00fat te stekken. Om [&hellip;]<\/p>\n","protected":false},"author":1,"featured_media":0,"comment_status":"open","ping_status":"closed","sticky":false,"template":"","format":"standard","meta":{"footnotes":""},"categories":[3],"tags":[965],"class_list":["post-10278","post","type-post","status-publish","format-standard","hentry","category-bloch","tag-arno-brok"],"_links":{"self":[{"href":"https:\/\/www.wegmetderandstad.nl\/wordpress\/index.php?rest_route=\/wp\/v2\/posts\/10278","targetHints":{"allow":["GET"]}}],"collection":[{"href":"https:\/\/www.wegmetderandstad.nl\/wordpress\/index.php?rest_route=\/wp\/v2\/posts"}],"about":[{"href":"https:\/\/www.wegmetderandstad.nl\/wordpress\/index.php?rest_route=\/wp\/v2\/types\/post"}],"author":[{"embeddable":true,"href":"https:\/\/www.wegmetderandstad.nl\/wordpress\/index.php?rest_route=\/wp\/v2\/users\/1"}],"replies":[{"embeddable":true,"href":"https:\/\/www.wegmetderandstad.nl\/wordpress\/index.php?rest_route=%2Fwp%2Fv2%2Fcomments&post=10278"}],"version-history":[{"count":6,"href":"https:\/\/www.wegmetderandstad.nl\/wordpress\/index.php?rest_route=\/wp\/v2\/posts\/10278\/revisions"}],"predecessor-version":[{"id":10284,"href":"https:\/\/www.wegmetderandstad.nl\/wordpress\/index.php?rest_route=\/wp\/v2\/posts\/10278\/revisions\/10284"}],"wp:attachment":[{"href":"https:\/\/www.wegmetderandstad.nl\/wordpress\/index.php?rest_route=%2Fwp%2Fv2%2Fmedia&parent=10278"}],"wp:term":[{"taxonomy":"category","embeddable":true,"href":"https:\/\/www.wegmetderandstad.nl\/wordpress\/index.php?rest_route=%2Fwp%2Fv2%2Fcategories&post=10278"},{"taxonomy":"post_tag","embeddable":true,"href":"https:\/\/www.wegmetderandstad.nl\/wordpress\/index.php?rest_route=%2Fwp%2Fv2%2Ftags&post=10278"}],"curies":[{"name":"wp","href":"https:\/\/api.w.org\/{rel}","templated":true}]}}