{"id":1496,"date":"2010-11-26T22:42:48","date_gmt":"2010-11-26T21:42:48","guid":{"rendered":"http:\/\/www.wegmetderandstad.nl\/wordpress\/?p=1496"},"modified":"2010-11-27T01:24:35","modified_gmt":"2010-11-27T00:24:35","slug":"bondel-lumpia","status":"publish","type":"post","link":"https:\/\/www.wegmetderandstad.nl\/wordpress\/?p=1496","title":{"rendered":"Bondel l\u00fbmpia"},"content":{"rendered":"<p>\u00d4fr\u00fbne woansdei gie it efkes mis by Mercurius, mar dat hawwe wy in oere letter wer moai oplost. Henk van der Veer wie te gast yn myn nederige studio. Henk hat, mei syn karakteristike l\u00fbd ek in trijetal gedichten foarl\u00eazen. It is noch net te beharkjen fia \u00fatstjoering mist of sa, der wurdt wurke oan de side fan Mercurius. No al Omrop Knilles yn it <a href=\"http:\/\/www.mercuriusrtv.nl\/index.php\/omrop-knilles\" target=\"_blank\">programmaoersjoch<\/a>.<\/p>\n<p>Dat der dochs noch wol in bytsje belangstelling \u00a0foar myn po\u00ebzij is, <a href=\"http:\/\/ibojanbosma.blogspot.com\/2010\/11\/gemeente-sudwest-fryslan.html\" target=\"_blank\">docht hjir bliken<\/a>&#8230; \u00a0Goede saak.<\/p>\n<p>Myn nije bondel komt yn elts gefal dit jier net mear \u00fat. Dat is spitich, want dan wurdt de regelmaat trochbrutsen fan alle trije jier in bondel. Mar it leit net oan my! Ik gean der no mar efkes net fierder op yn.<\/p>\n<p>Haw bamy mei l\u00fbmpia fan de Aldi iten.<\/p>\n","protected":false},"excerpt":{"rendered":"<p>\u00d4fr\u00fbne woansdei gie it efkes mis by Mercurius, mar dat hawwe wy in oere letter wer moai oplost. Henk van der Veer wie te gast yn myn nederige studio. Henk hat, mei syn karakteristike l\u00fbd ek in trijetal gedichten foarl\u00eazen. It is noch net te beharkjen fia \u00fatstjoering mist of sa, der wurdt wurke oan [&hellip;]<\/p>\n","protected":false},"author":2,"featured_media":0,"comment_status":"open","ping_status":"closed","sticky":false,"template":"","format":"standard","meta":{"footnotes":""},"categories":[3],"tags":[107,100,338,206,142],"class_list":["post-1496","post","type-post","status-publish","format-standard","hentry","category-bloch","tag-bamy","tag-henk-van-der-veer","tag-ibo-jan-bosma","tag-lumpia","tag-omrop-knilles"],"_links":{"self":[{"href":"https:\/\/www.wegmetderandstad.nl\/wordpress\/index.php?rest_route=\/wp\/v2\/posts\/1496","targetHints":{"allow":["GET"]}}],"collection":[{"href":"https:\/\/www.wegmetderandstad.nl\/wordpress\/index.php?rest_route=\/wp\/v2\/posts"}],"about":[{"href":"https:\/\/www.wegmetderandstad.nl\/wordpress\/index.php?rest_route=\/wp\/v2\/types\/post"}],"author":[{"embeddable":true,"href":"https:\/\/www.wegmetderandstad.nl\/wordpress\/index.php?rest_route=\/wp\/v2\/users\/2"}],"replies":[{"embeddable":true,"href":"https:\/\/www.wegmetderandstad.nl\/wordpress\/index.php?rest_route=%2Fwp%2Fv2%2Fcomments&post=1496"}],"version-history":[{"count":5,"href":"https:\/\/www.wegmetderandstad.nl\/wordpress\/index.php?rest_route=\/wp\/v2\/posts\/1496\/revisions"}],"predecessor-version":[{"id":1500,"href":"https:\/\/www.wegmetderandstad.nl\/wordpress\/index.php?rest_route=\/wp\/v2\/posts\/1496\/revisions\/1500"}],"wp:attachment":[{"href":"https:\/\/www.wegmetderandstad.nl\/wordpress\/index.php?rest_route=%2Fwp%2Fv2%2Fmedia&parent=1496"}],"wp:term":[{"taxonomy":"category","embeddable":true,"href":"https:\/\/www.wegmetderandstad.nl\/wordpress\/index.php?rest_route=%2Fwp%2Fv2%2Fcategories&post=1496"},{"taxonomy":"post_tag","embeddable":true,"href":"https:\/\/www.wegmetderandstad.nl\/wordpress\/index.php?rest_route=%2Fwp%2Fv2%2Ftags&post=1496"}],"curies":[{"name":"wp","href":"https:\/\/api.w.org\/{rel}","templated":true}]}}