{"id":3677,"date":"2011-11-11T18:22:21","date_gmt":"2011-11-11T17:22:21","guid":{"rendered":"http:\/\/www.wegmetderandstad.nl\/wordpress\/?p=3677"},"modified":"2011-11-11T18:22:21","modified_gmt":"2011-11-11T17:22:21","slug":"in-nije-ensafh-mei-u-o-knilles-en-baukje","status":"publish","type":"post","link":"https:\/\/www.wegmetderandstad.nl\/wordpress\/?p=3677","title":{"rendered":"In nije ensafh mei \u00fb.o. Knilles en Baukje"},"content":{"rendered":"<p>Hjoed ferwiis ik graach nei myn <a href=\"http:\/\/www.ensafh.nl\/?p=19989\" target=\"_blank\">feuilleton<\/a> en nei it <a href=\"http:\/\/www.ensafh.nl\/?p=19994\" target=\"_blank\">fraachpetear<\/a> dat Klaas Jansma mei Baukje Berber hie. Dat l\u00easte yn &#8216;e mande mei Anne Feddema fansels, as <a href=\"http:\/\/www.youtube.com\/user\/duovondaniken\" target=\"_blank\">Duo von D\u00e4niken<\/a>.<\/p>\n<p>Dus.<\/p>\n<p>Wa? Wat? W\u00ear? Op <a href=\"http:\/\/www.ensafh.nl\" target=\"_blank\">ensafh<\/a> fanselshf!<\/p>\n<p>Bakje iten.<\/p>\n","protected":false},"excerpt":{"rendered":"<p>Hjoed ferwiis ik graach nei myn feuilleton en nei it fraachpetear dat Klaas Jansma mei Baukje Berber hie. Dat l\u00easte yn &#8216;e mande mei Anne Feddema fansels, as Duo von D\u00e4niken. Dus. Wa? Wat? W\u00ear? Op ensafh fanselshf! Bakje iten.<\/p>\n","protected":false},"author":2,"featured_media":0,"comment_status":"open","ping_status":"closed","sticky":false,"template":"","format":"standard","meta":{"footnotes":""},"categories":[3],"tags":[71,70,145,485],"class_list":["post-3677","post","type-post","status-publish","format-standard","hentry","category-bloch","tag-anne-feddema","tag-duo-von-daniken","tag-ensafh","tag-klaas-jansma"],"_links":{"self":[{"href":"https:\/\/www.wegmetderandstad.nl\/wordpress\/index.php?rest_route=\/wp\/v2\/posts\/3677","targetHints":{"allow":["GET"]}}],"collection":[{"href":"https:\/\/www.wegmetderandstad.nl\/wordpress\/index.php?rest_route=\/wp\/v2\/posts"}],"about":[{"href":"https:\/\/www.wegmetderandstad.nl\/wordpress\/index.php?rest_route=\/wp\/v2\/types\/post"}],"author":[{"embeddable":true,"href":"https:\/\/www.wegmetderandstad.nl\/wordpress\/index.php?rest_route=\/wp\/v2\/users\/2"}],"replies":[{"embeddable":true,"href":"https:\/\/www.wegmetderandstad.nl\/wordpress\/index.php?rest_route=%2Fwp%2Fv2%2Fcomments&post=3677"}],"version-history":[{"count":2,"href":"https:\/\/www.wegmetderandstad.nl\/wordpress\/index.php?rest_route=\/wp\/v2\/posts\/3677\/revisions"}],"predecessor-version":[{"id":3679,"href":"https:\/\/www.wegmetderandstad.nl\/wordpress\/index.php?rest_route=\/wp\/v2\/posts\/3677\/revisions\/3679"}],"wp:attachment":[{"href":"https:\/\/www.wegmetderandstad.nl\/wordpress\/index.php?rest_route=%2Fwp%2Fv2%2Fmedia&parent=3677"}],"wp:term":[{"taxonomy":"category","embeddable":true,"href":"https:\/\/www.wegmetderandstad.nl\/wordpress\/index.php?rest_route=%2Fwp%2Fv2%2Fcategories&post=3677"},{"taxonomy":"post_tag","embeddable":true,"href":"https:\/\/www.wegmetderandstad.nl\/wordpress\/index.php?rest_route=%2Fwp%2Fv2%2Ftags&post=3677"}],"curies":[{"name":"wp","href":"https:\/\/api.w.org\/{rel}","templated":true}]}}