{"id":3910,"date":"2011-12-20T12:24:25","date_gmt":"2011-12-20T11:24:25","guid":{"rendered":"http:\/\/www.wegmetderandstad.nl\/wordpress\/?p=3910"},"modified":"2011-12-20T18:47:47","modified_gmt":"2011-12-20T17:47:47","slug":"klinysk-idioom","status":"publish","type":"post","link":"https:\/\/www.wegmetderandstad.nl\/wordpress\/?p=3910","title":{"rendered":"Klinysk Idioom"},"content":{"rendered":"<p>Noch mar krekt in bytsje bekommen fan it ferstjerren fan ien fan de grutste <a href=\"http:\/\/www.wqxr.org\/#\/blogs\/wqxr-blog\/2011\/dec\/19\/strange-musical-world-kim-jong-il\/\" target=\"_blank\">opera-komponisten<\/a> fan hjoed de dei, kaam de folgjende skok: de katalogus fan Tresoar wurket net. Se binne de boel oan it fernijen, sa docht bliken. Ik soe fannemiddei wat nije boeken liene, mar kin net ynlogge.<\/p>\n<p>Yn elts gefal, dochs mar nei 058 ta aansens, nei de oare helte fan <a href=\"http:\/\/www.google.nl\/search?ix=heb&amp;sourceid=chrome&amp;ie=UTF-8&amp;q=Duo+von+D%C3%A4niken\" target=\"_blank\">Duo von D\u00e4niken<\/a>, om in pear spektakul\u00eare opname&#8217;s te meitsjen. It hat tink gjin doel en gean nei Tresoar ta, ik moat al wis w\u00eaze dat ik d\u00ear liene kin.<\/p>\n<p>Mar ik lien net allinnich boeken, ik keapje der ek wolris ien. Foar it byspikerjen fan it Fryske idioom haw ik l\u00eastlyn Op &#8216;e Taelhelling, fan <a href=\"http:\/\/dbnl.nl\/tekst\/_nie012200201_01\/_nie012200201ill07.gif\" target=\"_blank\">Douwe Tamminga<\/a> oanskaft. Dat boek hat tink yn mear as 20 jier net iepenslein west, want de lucht dy&#8217;t der \u00fatkomt&#8230; Yn elts gefal r\u00fbkt it better as sa&#8217;n klinysk POD-produkt. Hiel aardich skreaun oars, jo stekke der ek in soad fan op.<\/p>\n<p>J\u00fbn waarmje ik de bamy rames op.<\/p>\n","protected":false},"excerpt":{"rendered":"<p>Noch mar krekt in bytsje bekommen fan it ferstjerren fan ien fan de grutste opera-komponisten fan hjoed de dei, kaam de folgjende skok: de katalogus fan Tresoar wurket net. Se binne de boel oan it fernijen, sa docht bliken. Ik soe fannemiddei wat nije boeken liene, mar kin net ynlogge. Yn elts gefal, dochs mar [&hellip;]<\/p>\n","protected":false},"author":2,"featured_media":0,"comment_status":"open","ping_status":"closed","sticky":false,"template":"","format":"standard","meta":{"footnotes":""},"categories":[3],"tags":[505,70],"class_list":["post-3910","post","type-post","status-publish","format-standard","hentry","category-bloch","tag-douwe-tamminga","tag-duo-von-daniken"],"_links":{"self":[{"href":"https:\/\/www.wegmetderandstad.nl\/wordpress\/index.php?rest_route=\/wp\/v2\/posts\/3910","targetHints":{"allow":["GET"]}}],"collection":[{"href":"https:\/\/www.wegmetderandstad.nl\/wordpress\/index.php?rest_route=\/wp\/v2\/posts"}],"about":[{"href":"https:\/\/www.wegmetderandstad.nl\/wordpress\/index.php?rest_route=\/wp\/v2\/types\/post"}],"author":[{"embeddable":true,"href":"https:\/\/www.wegmetderandstad.nl\/wordpress\/index.php?rest_route=\/wp\/v2\/users\/2"}],"replies":[{"embeddable":true,"href":"https:\/\/www.wegmetderandstad.nl\/wordpress\/index.php?rest_route=%2Fwp%2Fv2%2Fcomments&post=3910"}],"version-history":[{"count":4,"href":"https:\/\/www.wegmetderandstad.nl\/wordpress\/index.php?rest_route=\/wp\/v2\/posts\/3910\/revisions"}],"predecessor-version":[{"id":3913,"href":"https:\/\/www.wegmetderandstad.nl\/wordpress\/index.php?rest_route=\/wp\/v2\/posts\/3910\/revisions\/3913"}],"wp:attachment":[{"href":"https:\/\/www.wegmetderandstad.nl\/wordpress\/index.php?rest_route=%2Fwp%2Fv2%2Fmedia&parent=3910"}],"wp:term":[{"taxonomy":"category","embeddable":true,"href":"https:\/\/www.wegmetderandstad.nl\/wordpress\/index.php?rest_route=%2Fwp%2Fv2%2Fcategories&post=3910"},{"taxonomy":"post_tag","embeddable":true,"href":"https:\/\/www.wegmetderandstad.nl\/wordpress\/index.php?rest_route=%2Fwp%2Fv2%2Ftags&post=3910"}],"curies":[{"name":"wp","href":"https:\/\/api.w.org\/{rel}","templated":true}]}}