{"id":4807,"date":"2012-05-29T22:58:12","date_gmt":"2012-05-29T20:58:12","guid":{"rendered":"http:\/\/www.wegmetderandstad.nl\/wordpress\/?p=4807"},"modified":"2012-05-30T18:26:29","modified_gmt":"2012-05-30T16:26:29","slug":"fryske-touch","status":"publish","type":"post","link":"https:\/\/www.wegmetderandstad.nl\/wordpress\/?p=4807","title":{"rendered":"Fryske Touch + Updeet + nije updeet"},"content":{"rendered":"<p>Heden, der komme <a href=\"http:\/\/www.ensafh.nl\/?p=24377\" target=\"_blank\">Fryske eBooks<\/a>! Is&#8217;t net prachtich? No freegje ik my al \u00f4f: hawwe de grize l\u00eazerkes dy&#8217;t noch Fryske boeken oanskaffe eins wol in eReader? Jawis, it kin ek op de pc, leptop of it tablet l\u00eazen wurde, mar in eReader wurket dochs wol it noflikst.<\/p>\n<p>Ik bin sels ek griis, mar skear myn kop de l\u00easte tiid wer, dat in soad sjogge jo d\u00ear net fan. Is de bedoeling alteast.<\/p>\n<p>En ik haw s\u00fbnt in pear moanne de <a href=\"http:\/\/www.amazon.com\/Kindle-Touch-e-Reader-Touch-Screen-Wi-Fi-Special-Offers\/dp\/B005890G8Y\" target=\"_blank\">Kindle Touch<\/a>, der&#8217;t ik tige wiis mei bin.<\/p>\n<p>Dat ik bin bang dat ik by de doelgroep hear. Mar ik fyn de Fryske eBoeken d\u00ear&#8217;t sprake fan is noch te djoer. It binne ommers gjin aktuele boeken, mar saneamde &#8216;klassikers&#8217;.<\/p>\n<p>Der stiet oars ek hielendal <a href=\"http:\/\/webshop.elikser.nl\/e-books-1\/tde-nije-biblioteek-e-books.html\" target=\"_blank\">gjin ynfo<\/a> by yn hokker formaat de boeken oanbean wurde. Allinnich as pdf? Ik sil ris ynformearje&#8230;<\/p>\n<p>Dat wurdt dus aansens fiskjen nei Fryske Literatuer yn de Piratebaai!<\/p>\n<p>Haw patat pinda iten \u00fbnderweis, eintsje fytst, dat sadwaande.<\/p>\n<p><strong>Updeet<\/strong>: It binne dus epubs, dat faaks bestel ik aansens ien!<\/p>\n<p><strong>Nije updeet<\/strong>: ik haw in boek besteld, en betelle. Ik bin dan wend dat ik dan ek daliks in link krij nei it best\u00e2n. Mar dat is by Elikser net sa. Sil wol moarn wurde. Moarn! En dat yn dizze hastige tiid!<\/p>\n<p><strong>Noch in Updeet<\/strong>: d\u00ear wie de link al! Ik haw neat sein!<\/p>\n","protected":false},"excerpt":{"rendered":"<p>Heden, der komme Fryske eBooks! Is&#8217;t net prachtich? No freegje ik my al \u00f4f: hawwe de grize l\u00eazerkes dy&#8217;t noch Fryske boeken oanskaffe eins wol in eReader? Jawis, it kin ek op de pc, leptop of it tablet l\u00eazen wurde, mar in eReader wurket dochs wol it noflikst. Ik bin sels ek griis, mar skear [&hellip;]<\/p>\n","protected":false},"author":2,"featured_media":0,"comment_status":"open","ping_status":"closed","sticky":false,"template":"","format":"standard","meta":{"footnotes":""},"categories":[3],"tags":[],"class_list":["post-4807","post","type-post","status-publish","format-standard","hentry","category-bloch"],"_links":{"self":[{"href":"https:\/\/www.wegmetderandstad.nl\/wordpress\/index.php?rest_route=\/wp\/v2\/posts\/4807","targetHints":{"allow":["GET"]}}],"collection":[{"href":"https:\/\/www.wegmetderandstad.nl\/wordpress\/index.php?rest_route=\/wp\/v2\/posts"}],"about":[{"href":"https:\/\/www.wegmetderandstad.nl\/wordpress\/index.php?rest_route=\/wp\/v2\/types\/post"}],"author":[{"embeddable":true,"href":"https:\/\/www.wegmetderandstad.nl\/wordpress\/index.php?rest_route=\/wp\/v2\/users\/2"}],"replies":[{"embeddable":true,"href":"https:\/\/www.wegmetderandstad.nl\/wordpress\/index.php?rest_route=%2Fwp%2Fv2%2Fcomments&post=4807"}],"version-history":[{"count":8,"href":"https:\/\/www.wegmetderandstad.nl\/wordpress\/index.php?rest_route=\/wp\/v2\/posts\/4807\/revisions"}],"predecessor-version":[{"id":4823,"href":"https:\/\/www.wegmetderandstad.nl\/wordpress\/index.php?rest_route=\/wp\/v2\/posts\/4807\/revisions\/4823"}],"wp:attachment":[{"href":"https:\/\/www.wegmetderandstad.nl\/wordpress\/index.php?rest_route=%2Fwp%2Fv2%2Fmedia&parent=4807"}],"wp:term":[{"taxonomy":"category","embeddable":true,"href":"https:\/\/www.wegmetderandstad.nl\/wordpress\/index.php?rest_route=%2Fwp%2Fv2%2Fcategories&post=4807"},{"taxonomy":"post_tag","embeddable":true,"href":"https:\/\/www.wegmetderandstad.nl\/wordpress\/index.php?rest_route=%2Fwp%2Fv2%2Ftags&post=4807"}],"curies":[{"name":"wp","href":"https:\/\/api.w.org\/{rel}","templated":true}]}}