{"id":4813,"date":"2012-05-30T17:04:35","date_gmt":"2012-05-30T15:04:35","guid":{"rendered":"http:\/\/www.wegmetderandstad.nl\/wordpress\/?p=4813"},"modified":"2012-05-31T12:10:40","modified_gmt":"2012-05-31T10:10:40","slug":"frysk-aapke","status":"publish","type":"post","link":"https:\/\/www.wegmetderandstad.nl\/wordpress\/?p=4813","title":{"rendered":"Frysk Aapke"},"content":{"rendered":"<p>Ja minsken, d\u00ear hast him wer, de hast \u00fatstoarne diersoarte: it Aapke de Vries. Der is noch mar ien fan oer, dat litte wy der sunich mei w\u00eaze, en him net al te hurd oanpakke. D\u00ear kin er net sa goed oer. Dan begjint er te <a href=\"http:\/\/www.youtube.com\/watch?v=JmInoCdSN3Q\" target=\"_blank\">skriemen<\/a>.<\/p>\n<p>Ik doel op it stik yn de LC fan juster, mei as titel: <em>KH2018 is l\u00easte k\u00e2ns foar it Frysk. <\/em>No&#8217;t de foarsizzingen fan de Maya&#8217;s nei alle gedachten net hielendal kloppe, komt der in nije \u00fbnheilsprofeet op it aljemint.<\/p>\n<p>Abe, sorry, Aapke docht de saak gjin goed, mei syn tiishollige, breedsprakige, opswolme skriuwerij. En hy is net leauwweardich, want w\u00ear bliuwt de Fryske ferzje fan de basis foar it kulturele programma fan Ljouwert 2018?<\/p>\n<p>Klik mar ris <a href=\"http:\/\/www.2018.nl\/fr\/hoe-oud-bistou-in-2018\/\" target=\"_blank\">hjirre<\/a> en dan op dy swarte balke. Yndied, gjin Fryske tekst.<\/p>\n<p>Regelje dat no earst mar ris Aapke, dan prate wy fierder. Mar Aapke is ek in heale digibeet, dat hy sil wol \u00f4fhinklik w\u00eaze fan ien as oare Hollanner, dy&#8217;t it nut fan Fryske teksten net ynsjocht.<\/p>\n<p>Sil eat fan pasta meitsje. Ja, mei in hintsje der by. Kin dochs?<\/p>\n","protected":false},"excerpt":{"rendered":"<p>Ja minsken, d\u00ear hast him wer, de hast \u00fatstoarne diersoarte: it Aapke de Vries. Der is noch mar ien fan oer, dat litte wy der sunich mei w\u00eaze, en him net al te hurd oanpakke. D\u00ear kin er net sa goed oer. Dan begjint er te skriemen. Ik doel op it stik yn de LC [&hellip;]<\/p>\n","protected":false},"author":2,"featured_media":0,"comment_status":"open","ping_status":"closed","sticky":false,"template":"","format":"standard","meta":{"footnotes":""},"categories":[3],"tags":[130],"class_list":["post-4813","post","type-post","status-publish","format-standard","hentry","category-bloch","tag-abe-de-vries"],"_links":{"self":[{"href":"https:\/\/www.wegmetderandstad.nl\/wordpress\/index.php?rest_route=\/wp\/v2\/posts\/4813","targetHints":{"allow":["GET"]}}],"collection":[{"href":"https:\/\/www.wegmetderandstad.nl\/wordpress\/index.php?rest_route=\/wp\/v2\/posts"}],"about":[{"href":"https:\/\/www.wegmetderandstad.nl\/wordpress\/index.php?rest_route=\/wp\/v2\/types\/post"}],"author":[{"embeddable":true,"href":"https:\/\/www.wegmetderandstad.nl\/wordpress\/index.php?rest_route=\/wp\/v2\/users\/2"}],"replies":[{"embeddable":true,"href":"https:\/\/www.wegmetderandstad.nl\/wordpress\/index.php?rest_route=%2Fwp%2Fv2%2Fcomments&post=4813"}],"version-history":[{"count":8,"href":"https:\/\/www.wegmetderandstad.nl\/wordpress\/index.php?rest_route=\/wp\/v2\/posts\/4813\/revisions"}],"predecessor-version":[{"id":4824,"href":"https:\/\/www.wegmetderandstad.nl\/wordpress\/index.php?rest_route=\/wp\/v2\/posts\/4813\/revisions\/4824"}],"wp:attachment":[{"href":"https:\/\/www.wegmetderandstad.nl\/wordpress\/index.php?rest_route=%2Fwp%2Fv2%2Fmedia&parent=4813"}],"wp:term":[{"taxonomy":"category","embeddable":true,"href":"https:\/\/www.wegmetderandstad.nl\/wordpress\/index.php?rest_route=%2Fwp%2Fv2%2Fcategories&post=4813"},{"taxonomy":"post_tag","embeddable":true,"href":"https:\/\/www.wegmetderandstad.nl\/wordpress\/index.php?rest_route=%2Fwp%2Fv2%2Ftags&post=4813"}],"curies":[{"name":"wp","href":"https:\/\/api.w.org\/{rel}","templated":true}]}}