{"id":5307,"date":"2012-09-10T11:43:38","date_gmt":"2012-09-10T09:43:38","guid":{"rendered":"http:\/\/www.wegmetderandstad.nl\/wordpress\/?p=5307"},"modified":"2012-09-10T11:43:38","modified_gmt":"2012-09-10T09:43:38","slug":"elske-yn-it-skaad","status":"publish","type":"post","link":"https:\/\/www.wegmetderandstad.nl\/wordpress\/?p=5307","title":{"rendered":"Elske yn it skaad"},"content":{"rendered":"<p>No sa. Wer wat bekommen fan it Tresoar-optreden yn de Prinset\u00fan (en de neisit) juster yn it ramt fan de UIT! Markt yn de Haadst\u00ead L. Wy sieten op in moai plakje yn it skaad, mar al wat yn in \u00fathoeke, dat in soad flecht op de koai wie der net.<\/p>\n<p>Mar dat wie yn elts gefal better as de skriuwers fan de Af\u00fbk, wy hawwe der in hiel skoft om socht, mar se wiene net te lokalisearjen. Letter lies ik op de Twittert dat it allegear net sa goed regele wie.<\/p>\n<p>No ja, sa haw ik wol it optreden fan Elske Schotanus mist, en dat giet my bot oan it hert.<\/p>\n<p>Hjir\u00fbnder in stikmannich foto&#8217;s, makke troch Dinie Postma.<\/p>\n<div style=\"width: 430px\" class=\"wp-caption alignnone\"><img loading=\"lazy\" decoding=\"async\" class=\" \" src=\"http:\/\/c0014474.r32.cf1.rackcdn.com\/x2_e78e86a\" alt=\"\" width=\"420\" height=\"315\" \/><p class=\"wp-caption-text\">Cornelis van der Wal<\/p><\/div>\n<p>&nbsp;<\/p>\n<div style=\"width: 430px\" class=\"wp-caption alignnone\"><img loading=\"lazy\" decoding=\"async\" class=\" \" src=\"http:\/\/c0014474.r32.cf1.rackcdn.com\/x2_e78e138\" alt=\"\" width=\"420\" height=\"315\" \/><p class=\"wp-caption-text\">Geart Tigchelaar<\/p><\/div>\n<div style=\"width: 430px\" class=\"wp-caption alignnone\"><img loading=\"lazy\" decoding=\"async\" class=\" \" src=\"http:\/\/c0014474.r32.cf1.rackcdn.com\/x2_e78d7a4\" alt=\"\" width=\"420\" height=\"315\" \/><p class=\"wp-caption-text\">Carolien Hunneman<\/p><\/div>\n","protected":false},"excerpt":{"rendered":"<p>No sa. Wer wat bekommen fan it Tresoar-optreden yn de Prinset\u00fan (en de neisit) juster yn it ramt fan de UIT! Markt yn de Haadst\u00ead L. Wy sieten op in moai plakje yn it skaad, mar al wat yn in \u00fathoeke, dat in soad flecht op de koai wie der net. Mar dat wie yn [&hellip;]<\/p>\n","protected":false},"author":2,"featured_media":0,"comment_status":"open","ping_status":"closed","sticky":false,"template":"","format":"standard","meta":{"footnotes":""},"categories":[3],"tags":[575,576,66,102],"class_list":["post-5307","post","type-post","status-publish","format-standard","hentry","category-bloch","tag-carolien-hunneman","tag-dinie-postma","tag-elske-schotanus","tag-geart-tigchelaar"],"_links":{"self":[{"href":"https:\/\/www.wegmetderandstad.nl\/wordpress\/index.php?rest_route=\/wp\/v2\/posts\/5307","targetHints":{"allow":["GET"]}}],"collection":[{"href":"https:\/\/www.wegmetderandstad.nl\/wordpress\/index.php?rest_route=\/wp\/v2\/posts"}],"about":[{"href":"https:\/\/www.wegmetderandstad.nl\/wordpress\/index.php?rest_route=\/wp\/v2\/types\/post"}],"author":[{"embeddable":true,"href":"https:\/\/www.wegmetderandstad.nl\/wordpress\/index.php?rest_route=\/wp\/v2\/users\/2"}],"replies":[{"embeddable":true,"href":"https:\/\/www.wegmetderandstad.nl\/wordpress\/index.php?rest_route=%2Fwp%2Fv2%2Fcomments&post=5307"}],"version-history":[{"count":4,"href":"https:\/\/www.wegmetderandstad.nl\/wordpress\/index.php?rest_route=\/wp\/v2\/posts\/5307\/revisions"}],"predecessor-version":[{"id":5311,"href":"https:\/\/www.wegmetderandstad.nl\/wordpress\/index.php?rest_route=\/wp\/v2\/posts\/5307\/revisions\/5311"}],"wp:attachment":[{"href":"https:\/\/www.wegmetderandstad.nl\/wordpress\/index.php?rest_route=%2Fwp%2Fv2%2Fmedia&parent=5307"}],"wp:term":[{"taxonomy":"category","embeddable":true,"href":"https:\/\/www.wegmetderandstad.nl\/wordpress\/index.php?rest_route=%2Fwp%2Fv2%2Fcategories&post=5307"},{"taxonomy":"post_tag","embeddable":true,"href":"https:\/\/www.wegmetderandstad.nl\/wordpress\/index.php?rest_route=%2Fwp%2Fv2%2Ftags&post=5307"}],"curies":[{"name":"wp","href":"https:\/\/api.w.org\/{rel}","templated":true}]}}