{"id":5377,"date":"2012-09-26T11:33:19","date_gmt":"2012-09-26T09:33:19","guid":{"rendered":"http:\/\/www.wegmetderandstad.nl\/wordpress\/?p=5377"},"modified":"2012-09-26T13:16:49","modified_gmt":"2012-09-26T11:16:49","slug":"waansin-slacht-ta-by-provinsjaal-bestjoer","status":"publish","type":"post","link":"https:\/\/www.wegmetderandstad.nl\/wordpress\/?p=5377","title":{"rendered":"Waansin slacht ta by Provinsjaal bestjoer + Updeet!"},"content":{"rendered":"<p>Fannemoarn &#8211; ik lei noch yn &#8216;e sliepsek op myn fjildbedsje op &#8216;e houtene flier fan myn sliepkeamer, anneks dicht- en mediahokje &#8211; doe&#8217;t ik ris op myn snoadfoan seach, op Facebook om krekt te w\u00eazen. Ik nim in tekst oer fan de winner fan de Obe Postmapriis <a href=\"http:\/\/www.facebook.com\/annetjerk.popkema\" target=\"_blank\">Anne Tjerk Popkema<\/a>: &#8216;Sa&#8217;t ik it begrepen ha, wurde\u00a0alle provinsjale literatuerprizen (de Obe, de Fedde en de Gysbert) gearraand ta ien nije &#8211; Gysbert 2.0.&#8217;<\/p>\n<p>Myn earste reaksje wie: de waansin slacht ta by de Provinsje!<\/p>\n<p>Dus, by de Provinsje sille se tocht hawwe, nei it wanbelied om de Fedde en Obe hinne fan ferline jier: wat is dat ek ferfelend en l\u00eastich, TRIJE prizen! Dat moat makliker kinne, wy meitsje der IEN nije priis fan. En dat prizejild, dat hawwe wy der samar \u00fat, om&#8217;t fansels op de kosten (\u00fatrikking, kommisjes ensfh.) besparre wurdt sa. Sjoch <a href=\"http:\/\/www.wegmetderandstad.nl\/wordpress\/?p=3308\" target=\"_blank\">hjir<\/a>, <a href=\"http:\/\/www.wegmetderandstad.nl\/wordpress\/?p=3454\" target=\"_blank\">hjir<\/a>, <a href=\"http:\/\/www.wegmetderandstad.nl\/wordpress\/?p=3387\" target=\"_blank\">hjir<\/a> en <a href=\"http:\/\/www.wegmetderandstad.nl\/wordpress\/?p=3403\" target=\"_blank\">hjir<\/a>&#8230;<\/p>\n<p>Dat der hast gjin Frysktalige boeken mear \u00fatkomme, troch earder wanbelied, wurdt gjin rekken mei h\u00e2lden.<\/p>\n<p>Jo soene hast wer in staking \u00fatroppe. Dochs efkes \u00f4fwachtsje wat de krekte plannen binne. Ik bin der, as \u00e2ld Fedde Schurer winner net al te bliid mei, dat hiene jo al troch.<\/p>\n<p>Waarm iten j\u00fbn, meie wy oannime.<\/p>\n<p>UPDEET: Sjoch ris oan, by de Provinsje dogge se dochs wolris wat wurk dat der ta docht: it l\u00eazen fan dizze side.<\/p>\n<p><a href=\"http:\/\/www.wegmetderandstad.nl\/wordpress\/wp-content\/uploads\/2012\/09\/provinsje.jpg\"><img loading=\"lazy\" decoding=\"async\" class=\"alignnone size-full wp-image-5381\" title=\"provinsje\" src=\"http:\/\/www.wegmetderandstad.nl\/wordpress\/wp-content\/uploads\/2012\/09\/provinsje.jpg\" alt=\"\" width=\"669\" height=\"101\" srcset=\"https:\/\/www.wegmetderandstad.nl\/wordpress\/wp-content\/uploads\/2012\/09\/provinsje.jpg 669w, https:\/\/www.wegmetderandstad.nl\/wordpress\/wp-content\/uploads\/2012\/09\/provinsje-300x45.jpg 300w\" sizes=\"auto, (max-width: 669px) 100vw, 669px\" \/><\/a><\/p>\n<p>&nbsp;<\/p>\n<p>&nbsp;<\/p>\n","protected":false},"excerpt":{"rendered":"<p>Fannemoarn &#8211; ik lei noch yn &#8216;e sliepsek op myn fjildbedsje op &#8216;e houtene flier fan myn sliepkeamer, anneks dicht- en mediahokje &#8211; doe&#8217;t ik ris op myn snoadfoan seach, op Facebook om krekt te w\u00eazen. Ik nim in tekst oer fan de winner fan de Obe Postmapriis Anne Tjerk Popkema: &#8216;Sa&#8217;t ik it begrepen [&hellip;]<\/p>\n","protected":false},"author":2,"featured_media":0,"comment_status":"open","ping_status":"closed","sticky":false,"template":"","format":"standard","meta":{"footnotes":""},"categories":[3],"tags":[],"class_list":["post-5377","post","type-post","status-publish","format-standard","hentry","category-bloch"],"_links":{"self":[{"href":"https:\/\/www.wegmetderandstad.nl\/wordpress\/index.php?rest_route=\/wp\/v2\/posts\/5377","targetHints":{"allow":["GET"]}}],"collection":[{"href":"https:\/\/www.wegmetderandstad.nl\/wordpress\/index.php?rest_route=\/wp\/v2\/posts"}],"about":[{"href":"https:\/\/www.wegmetderandstad.nl\/wordpress\/index.php?rest_route=\/wp\/v2\/types\/post"}],"author":[{"embeddable":true,"href":"https:\/\/www.wegmetderandstad.nl\/wordpress\/index.php?rest_route=\/wp\/v2\/users\/2"}],"replies":[{"embeddable":true,"href":"https:\/\/www.wegmetderandstad.nl\/wordpress\/index.php?rest_route=%2Fwp%2Fv2%2Fcomments&post=5377"}],"version-history":[{"count":5,"href":"https:\/\/www.wegmetderandstad.nl\/wordpress\/index.php?rest_route=\/wp\/v2\/posts\/5377\/revisions"}],"predecessor-version":[{"id":5380,"href":"https:\/\/www.wegmetderandstad.nl\/wordpress\/index.php?rest_route=\/wp\/v2\/posts\/5377\/revisions\/5380"}],"wp:attachment":[{"href":"https:\/\/www.wegmetderandstad.nl\/wordpress\/index.php?rest_route=%2Fwp%2Fv2%2Fmedia&parent=5377"}],"wp:term":[{"taxonomy":"category","embeddable":true,"href":"https:\/\/www.wegmetderandstad.nl\/wordpress\/index.php?rest_route=%2Fwp%2Fv2%2Fcategories&post=5377"},{"taxonomy":"post_tag","embeddable":true,"href":"https:\/\/www.wegmetderandstad.nl\/wordpress\/index.php?rest_route=%2Fwp%2Fv2%2Ftags&post=5377"}],"curies":[{"name":"wp","href":"https:\/\/api.w.org\/{rel}","templated":true}]}}