{"id":5917,"date":"2013-01-13T14:44:21","date_gmt":"2013-01-13T13:44:21","guid":{"rendered":"http:\/\/www.wegmetderandstad.nl\/wordpress\/?p=5917"},"modified":"2013-01-13T14:44:21","modified_gmt":"2013-01-13T13:44:21","slug":"ut-de-argiven-farsk-76","status":"publish","type":"post","link":"https:\/\/www.wegmetderandstad.nl\/wordpress\/?p=5917","title":{"rendered":"Ut de argiven: Farsk 76"},"content":{"rendered":"<p>fan\u00a0web.archive.org in side fan Farsk, de foarrinner fan ensafh. Troch mysels \u00fbntwurpen. It koe minder, al sis ik it sels. Ek ensafh l\u00fbkt meikoarten in nij jaske oan. Mar dat jaske meitsje ik net sels diskear. Klik op it plaatsje foar in side \u00fat 2006. Doe wie der ek al Fryske literatuer.<\/p>\n<p><a href=\"http:\/\/web.archive.org\/web\/20060813184411\/http:\/\/www.farsk.nl\/\" target=\"_blank\"><img loading=\"lazy\" decoding=\"async\" class=\"alignnone size-medium wp-image-5918\" title=\"farsk78\" src=\"http:\/\/www.wegmetderandstad.nl\/wordpress\/wp-content\/uploads\/2013\/01\/farsk78-300x156.png\" alt=\"\" width=\"300\" height=\"156\" srcset=\"https:\/\/www.wegmetderandstad.nl\/wordpress\/wp-content\/uploads\/2013\/01\/farsk78-300x156.png 300w, https:\/\/www.wegmetderandstad.nl\/wordpress\/wp-content\/uploads\/2013\/01\/farsk78.png 1012w\" sizes=\"auto, (max-width: 300px) 100vw, 300px\" \/><\/a><\/p>\n","protected":false},"excerpt":{"rendered":"<p>fan\u00a0web.archive.org in side fan Farsk, de foarrinner fan ensafh. Troch mysels \u00fbntwurpen. It koe minder, al sis ik it sels. Ek ensafh l\u00fbkt meikoarten in nij jaske oan. Mar dat jaske meitsje ik net sels diskear. Klik op it plaatsje foar in side \u00fat 2006. Doe wie der ek al Fryske literatuer.<\/p>\n","protected":false},"author":2,"featured_media":0,"comment_status":"open","ping_status":"closed","sticky":false,"template":"","format":"standard","meta":{"footnotes":""},"categories":[3],"tags":[339],"class_list":["post-5917","post","type-post","status-publish","format-standard","hentry","category-bloch","tag-farsk"],"_links":{"self":[{"href":"https:\/\/www.wegmetderandstad.nl\/wordpress\/index.php?rest_route=\/wp\/v2\/posts\/5917","targetHints":{"allow":["GET"]}}],"collection":[{"href":"https:\/\/www.wegmetderandstad.nl\/wordpress\/index.php?rest_route=\/wp\/v2\/posts"}],"about":[{"href":"https:\/\/www.wegmetderandstad.nl\/wordpress\/index.php?rest_route=\/wp\/v2\/types\/post"}],"author":[{"embeddable":true,"href":"https:\/\/www.wegmetderandstad.nl\/wordpress\/index.php?rest_route=\/wp\/v2\/users\/2"}],"replies":[{"embeddable":true,"href":"https:\/\/www.wegmetderandstad.nl\/wordpress\/index.php?rest_route=%2Fwp%2Fv2%2Fcomments&post=5917"}],"version-history":[{"count":3,"href":"https:\/\/www.wegmetderandstad.nl\/wordpress\/index.php?rest_route=\/wp\/v2\/posts\/5917\/revisions"}],"predecessor-version":[{"id":5921,"href":"https:\/\/www.wegmetderandstad.nl\/wordpress\/index.php?rest_route=\/wp\/v2\/posts\/5917\/revisions\/5921"}],"wp:attachment":[{"href":"https:\/\/www.wegmetderandstad.nl\/wordpress\/index.php?rest_route=%2Fwp%2Fv2%2Fmedia&parent=5917"}],"wp:term":[{"taxonomy":"category","embeddable":true,"href":"https:\/\/www.wegmetderandstad.nl\/wordpress\/index.php?rest_route=%2Fwp%2Fv2%2Fcategories&post=5917"},{"taxonomy":"post_tag","embeddable":true,"href":"https:\/\/www.wegmetderandstad.nl\/wordpress\/index.php?rest_route=%2Fwp%2Fv2%2Ftags&post=5917"}],"curies":[{"name":"wp","href":"https:\/\/api.w.org\/{rel}","templated":true}]}}