{"id":6395,"date":"2013-05-09T22:56:54","date_gmt":"2013-05-09T20:56:54","guid":{"rendered":"http:\/\/www.wegmetderandstad.nl\/wordpress\/?p=6395"},"modified":"2013-05-09T22:58:26","modified_gmt":"2013-05-09T20:58:26","slug":"hifke-foar-de-graal","status":"publish","type":"post","link":"https:\/\/www.wegmetderandstad.nl\/wordpress\/?p=6395","title":{"rendered":"Hifke foar de Graal"},"content":{"rendered":"<p>Heden! Fia Tsead Bruinja waard ik <a href=\"http:\/\/tseadbruinja.typepad.com\/tsead_bruinja\/2013\/05\/dickinson-laverman-en-opium.html\" target=\"_blank\">wiisd<\/a> op de side fan <a href=\"http:\/\/www.konsenylje.nl\/\" target=\"_blank\">Klaas van der Hoek<\/a>, mei \u00fb.o nijsgjirrige oersettingen fan Emily Dickinson. Marrr ek tige de muoite wurdich is de rubryk &#8216;<a href=\"http:\/\/www.konsenylje.nl\/?cat=9\" target=\"_blank\">Hifke foar it F\u00fbns<\/a>&#8216;. En it F\u00fbns is dan fansels it Nederlands Letterenfonds. Moai dat soks no online stiet!<\/p>\n<p>Fansels sykje jo dan earst nei&#8230; jo <a href=\"http:\/\/www.konsenylje.nl\/?p=370\" target=\"_blank\">eigen namme<\/a>. Sa is de minsk. En dan komme jo by in l\u00easferslach fan myn bondel &#8216;Subsydzje foar de Graal&#8217;&#8230; No, l\u00eas sels mar&#8230;<\/p>\n<p>&#8216;Gedichten als \u2018It byld jout l\u00fbd\u2019, \u2018Faam en laam, in resept\u2019, \u2018De libbene b\u00f4le, in pastorale\u2019 en \u2018De reis fan de iensume reus\u2019 verdienen applaus. Meer dan eens flikkert Van der Wal uit de trapeze, maar al met al zet hij met\u00a0<em>Subsydzje foar de Graal<\/em>\u00a0toch een memorabele act neer in de Fries-literaire piste.&#8217;<\/p>\n<p>Net s\u00fbnder krityk, jawis. Mar dan s\u00fbnder denigrearjend te dwaan. Sa heart it.<\/p>\n<p>Haw bamy opwaarme.<\/p>\n<p>&nbsp;<\/p>\n","protected":false},"excerpt":{"rendered":"<p>Heden! Fia Tsead Bruinja waard ik wiisd op de side fan Klaas van der Hoek, mei \u00fb.o nijsgjirrige oersettingen fan Emily Dickinson. Marrr ek tige de muoite wurdich is de rubryk &#8216;Hifke foar it F\u00fbns&#8216;. En it F\u00fbns is dan fansels it Nederlands Letterenfonds. Moai dat soks no online stiet! Fansels sykje jo dan earst [&hellip;]<\/p>\n","protected":false},"author":2,"featured_media":0,"comment_status":"open","ping_status":"closed","sticky":false,"template":"","format":"standard","meta":{"footnotes":""},"categories":[3],"tags":[669],"class_list":["post-6395","post","type-post","status-publish","format-standard","hentry","category-bloch","tag-klaas-van-der-hoek"],"_links":{"self":[{"href":"https:\/\/www.wegmetderandstad.nl\/wordpress\/index.php?rest_route=\/wp\/v2\/posts\/6395","targetHints":{"allow":["GET"]}}],"collection":[{"href":"https:\/\/www.wegmetderandstad.nl\/wordpress\/index.php?rest_route=\/wp\/v2\/posts"}],"about":[{"href":"https:\/\/www.wegmetderandstad.nl\/wordpress\/index.php?rest_route=\/wp\/v2\/types\/post"}],"author":[{"embeddable":true,"href":"https:\/\/www.wegmetderandstad.nl\/wordpress\/index.php?rest_route=\/wp\/v2\/users\/2"}],"replies":[{"embeddable":true,"href":"https:\/\/www.wegmetderandstad.nl\/wordpress\/index.php?rest_route=%2Fwp%2Fv2%2Fcomments&post=6395"}],"version-history":[{"count":5,"href":"https:\/\/www.wegmetderandstad.nl\/wordpress\/index.php?rest_route=\/wp\/v2\/posts\/6395\/revisions"}],"predecessor-version":[{"id":6399,"href":"https:\/\/www.wegmetderandstad.nl\/wordpress\/index.php?rest_route=\/wp\/v2\/posts\/6395\/revisions\/6399"}],"wp:attachment":[{"href":"https:\/\/www.wegmetderandstad.nl\/wordpress\/index.php?rest_route=%2Fwp%2Fv2%2Fmedia&parent=6395"}],"wp:term":[{"taxonomy":"category","embeddable":true,"href":"https:\/\/www.wegmetderandstad.nl\/wordpress\/index.php?rest_route=%2Fwp%2Fv2%2Fcategories&post=6395"},{"taxonomy":"post_tag","embeddable":true,"href":"https:\/\/www.wegmetderandstad.nl\/wordpress\/index.php?rest_route=%2Fwp%2Fv2%2Ftags&post=6395"}],"curies":[{"name":"wp","href":"https:\/\/api.w.org\/{rel}","templated":true}]}}