{"id":6443,"date":"2013-05-20T18:07:22","date_gmt":"2013-05-20T16:07:22","guid":{"rendered":"http:\/\/www.wegmetderandstad.nl\/wordpress\/?p=6443"},"modified":"2013-05-20T18:07:22","modified_gmt":"2013-05-20T16:07:22","slug":"oersette-hollansk-frysk-tiidfergriemerij","status":"publish","type":"post","link":"https:\/\/www.wegmetderandstad.nl\/wordpress\/?p=6443","title":{"rendered":"Oersette Holl\u00e2nsk ==> Frysk: tiidfergriemerij"},"content":{"rendered":"<p>Nee, ik doel net op offisjele, ambtlike teksten. Dy hearre yn it Frysk beskikber te w\u00eazen.<\/p>\n<p>Ik haw it oer liter\u00eare teksten. Lykas <a href=\"http:\/\/www.ensafh.nl\/?p=31726\" target=\"_blank\">dit gedicht<\/a> fan Martin Reints, oerset troch Eeltsje Hettinga. Liter\u00eare oersettingen hawwe neffens my as doel de oarspronklike tekst begrypliker te meitsjen foar de l\u00eazer dy&#8217;t it orizjineel net hielendal folgje kin.<\/p>\n<p>Dat jildt dus net foar Holl\u00e2nske teksten.<\/p>\n<p>Punt.<\/p>\n<p>Guon dy&#8217;t d\u00ear mei dwaande binne fergrieme mei sok gefr\u00f6bel harren kostbere tiid. Lit dy Hettinga ris mei wat betters komme! \u00a0Ik fyn it nammers ek hielendal neat, dy po\u00ebzij fan Martin Reints.<\/p>\n<p>Nee, dan <a href=\"http:\/\/www.ensafh.nl\/?p=31728\" target=\"_blank\">Emily Dickinson<\/a>! Klaas van der Hoek hat in yndrukwekkende searje oersettingen op syn bloch delsetten.<\/p>\n<p>Punt.<\/p>\n<p>Waarmje bakje iten op aansens.<\/p>\n","protected":false},"excerpt":{"rendered":"<p>Nee, ik doel net op offisjele, ambtlike teksten. Dy hearre yn it Frysk beskikber te w\u00eazen. Ik haw it oer liter\u00eare teksten. Lykas dit gedicht fan Martin Reints, oerset troch Eeltsje Hettinga. Liter\u00eare oersettingen hawwe neffens my as doel de oarspronklike tekst begrypliker te meitsjen foar de l\u00eazer dy&#8217;t it orizjineel net hielendal folgje kin. [&hellip;]<\/p>\n","protected":false},"author":2,"featured_media":0,"comment_status":"open","ping_status":"closed","sticky":false,"template":"","format":"standard","meta":{"footnotes":""},"categories":[3],"tags":[91,672,669,671],"class_list":["post-6443","post","type-post","status-publish","format-standard","hentry","category-bloch","tag-eeltsje-hettinga","tag-emily-dickinson","tag-klaas-van-der-hoek","tag-martin-reints"],"_links":{"self":[{"href":"https:\/\/www.wegmetderandstad.nl\/wordpress\/index.php?rest_route=\/wp\/v2\/posts\/6443","targetHints":{"allow":["GET"]}}],"collection":[{"href":"https:\/\/www.wegmetderandstad.nl\/wordpress\/index.php?rest_route=\/wp\/v2\/posts"}],"about":[{"href":"https:\/\/www.wegmetderandstad.nl\/wordpress\/index.php?rest_route=\/wp\/v2\/types\/post"}],"author":[{"embeddable":true,"href":"https:\/\/www.wegmetderandstad.nl\/wordpress\/index.php?rest_route=\/wp\/v2\/users\/2"}],"replies":[{"embeddable":true,"href":"https:\/\/www.wegmetderandstad.nl\/wordpress\/index.php?rest_route=%2Fwp%2Fv2%2Fcomments&post=6443"}],"version-history":[{"count":2,"href":"https:\/\/www.wegmetderandstad.nl\/wordpress\/index.php?rest_route=\/wp\/v2\/posts\/6443\/revisions"}],"predecessor-version":[{"id":6445,"href":"https:\/\/www.wegmetderandstad.nl\/wordpress\/index.php?rest_route=\/wp\/v2\/posts\/6443\/revisions\/6445"}],"wp:attachment":[{"href":"https:\/\/www.wegmetderandstad.nl\/wordpress\/index.php?rest_route=%2Fwp%2Fv2%2Fmedia&parent=6443"}],"wp:term":[{"taxonomy":"category","embeddable":true,"href":"https:\/\/www.wegmetderandstad.nl\/wordpress\/index.php?rest_route=%2Fwp%2Fv2%2Fcategories&post=6443"},{"taxonomy":"post_tag","embeddable":true,"href":"https:\/\/www.wegmetderandstad.nl\/wordpress\/index.php?rest_route=%2Fwp%2Fv2%2Ftags&post=6443"}],"curies":[{"name":"wp","href":"https:\/\/api.w.org\/{rel}","templated":true}]}}