{"id":7044,"date":"2013-10-07T14:44:26","date_gmt":"2013-10-07T12:44:26","guid":{"rendered":"http:\/\/www.wegmetderandstad.nl\/wordpress\/?p=7044"},"modified":"2013-10-07T14:45:56","modified_gmt":"2013-10-07T12:45:56","slug":"provinsje-fryslan-op-syn-deunst","status":"publish","type":"post","link":"https:\/\/www.wegmetderandstad.nl\/wordpress\/?p=7044","title":{"rendered":"Provinsje Frysl\u00e2n op syn deunst"},"content":{"rendered":"<p>No krige ik ferline wike alwer in \u00fatnoeging om de \u00fatrikking fan de Gysbert by te wenjen. Se r\u00eade it blykber net s\u00fbnder Knilles&#8230;<\/p>\n<p>Ik kom lykwols net nei de \u00fatrikking. De redenen meie wol d\u00fadlik w\u00eaze: ik kom net yn in gebou d\u00ear&#8217;t de <a href=\"http:\/\/www.wegmetderandstad.nl\/wordpress\/?p=5721\" target=\"_blank\">slavedriuwer Hayo Apotheker<\/a> in taspraak h\u00e2ldt. En ik kom net by in \u00fatrikking fan in liter\u00eare priis d\u00ear&#8217;t ien fan de <a href=\"http:\/\/www.wegmetderandstad.nl\/wordpress\/?tag=jantsje-post\" target=\"_blank\">sjueryleden<\/a> my \u00fatskolden hat. En nee, ik haw hielendal de yll\u00fazje net dat myn boycott wat \u00fathellet.<\/p>\n<p><a href=\"http:\/\/www.wegmetderandstad.nl\/wordpress\/wp-content\/uploads\/2013\/10\/Doc-7-okt.-2013-14-27.jpg\"><img loading=\"lazy\" decoding=\"async\" class=\"alignnone  wp-image-7045\" alt=\"Doc - 7 okt. 2013 14-27\" src=\"http:\/\/www.wegmetderandstad.nl\/wordpress\/wp-content\/uploads\/2013\/10\/Doc-7-okt.-2013-14-27.jpg\" width=\"468\" height=\"670\" srcset=\"https:\/\/www.wegmetderandstad.nl\/wordpress\/wp-content\/uploads\/2013\/10\/Doc-7-okt.-2013-14-27.jpg 1967w, https:\/\/www.wegmetderandstad.nl\/wordpress\/wp-content\/uploads\/2013\/10\/Doc-7-okt.-2013-14-27-209x300.jpg 209w, https:\/\/www.wegmetderandstad.nl\/wordpress\/wp-content\/uploads\/2013\/10\/Doc-7-okt.-2013-14-27-714x1024.jpg 714w\" sizes=\"auto, (max-width: 468px) 100vw, 468px\" \/><\/a><\/p>\n<p>Ik bin nammers al oanw\u00eazich by de resepsje yn de Griene Greide (sjoch \u00fbnderoan de foto). Wat my lykwols opfoel is dat de Provinsje it tradisjonele miel yn it restaurant skrast hat. S\u00fbnder opjefte fan reden. Ja, de priis foar in Gysbert is omheech gien, dat jo moatte dat jild no earne oars werom sjen te heljen, no?<\/p>\n<p>In blamaazje foar Jannewytske en in sn\u00fatslach foar de priiswinner. Provinsje Frysl\u00e2n op syn deunst. Soe de drank yn dy oardel oere noch wol fergees w\u00eaze? Sa ja, dan s\u00fbp ik foar straf alles op.<\/p>\n<p>J\u00fbn mar ris bamy meitsje tink.<\/p>\n","protected":false},"excerpt":{"rendered":"<p>No krige ik ferline wike alwer in \u00fatnoeging om de \u00fatrikking fan de Gysbert by te wenjen. Se r\u00eade it blykber net s\u00fbnder Knilles&#8230; Ik kom lykwols net nei de \u00fatrikking. De redenen meie wol d\u00fadlik w\u00eaze: ik kom net yn in gebou d\u00ear&#8217;t de slavedriuwer Hayo Apotheker in taspraak h\u00e2ldt. En ik kom net [&hellip;]<\/p>\n","protected":false},"author":2,"featured_media":0,"comment_status":"open","ping_status":"closed","sticky":false,"template":"","format":"standard","meta":{"footnotes":""},"categories":[3],"tags":[604,597,456],"class_list":["post-7044","post","type-post","status-publish","format-standard","hentry","category-bloch","tag-gysbert-japicx","tag-hayo-apotheker","tag-jantsje-post"],"_links":{"self":[{"href":"https:\/\/www.wegmetderandstad.nl\/wordpress\/index.php?rest_route=\/wp\/v2\/posts\/7044","targetHints":{"allow":["GET"]}}],"collection":[{"href":"https:\/\/www.wegmetderandstad.nl\/wordpress\/index.php?rest_route=\/wp\/v2\/posts"}],"about":[{"href":"https:\/\/www.wegmetderandstad.nl\/wordpress\/index.php?rest_route=\/wp\/v2\/types\/post"}],"author":[{"embeddable":true,"href":"https:\/\/www.wegmetderandstad.nl\/wordpress\/index.php?rest_route=\/wp\/v2\/users\/2"}],"replies":[{"embeddable":true,"href":"https:\/\/www.wegmetderandstad.nl\/wordpress\/index.php?rest_route=%2Fwp%2Fv2%2Fcomments&post=7044"}],"version-history":[{"count":5,"href":"https:\/\/www.wegmetderandstad.nl\/wordpress\/index.php?rest_route=\/wp\/v2\/posts\/7044\/revisions"}],"predecessor-version":[{"id":7049,"href":"https:\/\/www.wegmetderandstad.nl\/wordpress\/index.php?rest_route=\/wp\/v2\/posts\/7044\/revisions\/7049"}],"wp:attachment":[{"href":"https:\/\/www.wegmetderandstad.nl\/wordpress\/index.php?rest_route=%2Fwp%2Fv2%2Fmedia&parent=7044"}],"wp:term":[{"taxonomy":"category","embeddable":true,"href":"https:\/\/www.wegmetderandstad.nl\/wordpress\/index.php?rest_route=%2Fwp%2Fv2%2Fcategories&post=7044"},{"taxonomy":"post_tag","embeddable":true,"href":"https:\/\/www.wegmetderandstad.nl\/wordpress\/index.php?rest_route=%2Fwp%2Fv2%2Ftags&post=7044"}],"curies":[{"name":"wp","href":"https:\/\/api.w.org\/{rel}","templated":true}]}}