{"id":7265,"date":"2013-12-05T23:30:20","date_gmt":"2013-12-05T22:30:20","guid":{"rendered":"http:\/\/www.wegmetderandstad.nl\/wordpress\/?p=7265"},"modified":"2013-12-05T23:30:20","modified_gmt":"2013-12-05T22:30:20","slug":"stammerjende-moanne","status":"publish","type":"post","link":"https:\/\/www.wegmetderandstad.nl\/wordpress\/?p=7265","title":{"rendered":"Stammerjende Moanne"},"content":{"rendered":"<p>No sa, ik haw him noch net \u00fat, mar ergerje my al wer behoarlik oan it it nije n\u00fbmer fan <em>de Moanne<\/em>. Haw it tydskrift hjir net foar my, dat it moat \u00fat it \u00fbnth\u00e2ld wei.<\/p>\n<p>W\u00earom fiif, seis siden fergrieme oan ien dy&#8217;t de omjouwing folspuitet mei amateuristyske, \u00f4fgryslik \u00fbnsjogge graffity? It mantsje <em>Grond<\/em> mient dat er hiel wat is, mar se soene him opslute moatte, de fersmoarger. En de Moanne mar propaganda meitsje. Skamje jim!<\/p>\n<p>Aldergeloks stiet der ek in moai stik oer Theun de Vries yn, fan Wim Hazeu. En fierders is blykber by de redaksje en korrektor it geve en hiel gewoane wurdsje &#8216;stammerjen&#8217; net bekend. Yn in petear mei in popmuzykmantsje hawwe se it hieltyd oer &#8216;stotterjen&#8217;. Modern, linich Frysk soms?<\/p>\n<p>Sil moarn wer fierder l\u00eaze, faaks belunet dan it min sin.<\/p>\n<p>Haw hinnepoatsjes, slaad en rjappeltsjes iten.<\/p>\n","protected":false},"excerpt":{"rendered":"<p>No sa, ik haw him noch net \u00fat, mar ergerje my al wer behoarlik oan it it nije n\u00fbmer fan de Moanne. Haw it tydskrift hjir net foar my, dat it moat \u00fat it \u00fbnth\u00e2ld wei. W\u00earom fiif, seis siden fergrieme oan ien dy&#8217;t de omjouwing folspuitet mei amateuristyske, \u00f4fgryslik \u00fbnsjogge graffity? It mantsje Grond [&hellip;]<\/p>\n","protected":false},"author":2,"featured_media":0,"comment_status":"open","ping_status":"closed","sticky":false,"template":"","format":"standard","meta":{"footnotes":""},"categories":[3],"tags":[109,86,724,182,283,725,726],"class_list":["post-7265","post","type-post","status-publish","format-standard","hentry","category-bloch","tag-bakte-rjappels","tag-de-moanne","tag-grond","tag-hin","tag-slaad","tag-theun-de-vries","tag-wim-hazeu"],"_links":{"self":[{"href":"https:\/\/www.wegmetderandstad.nl\/wordpress\/index.php?rest_route=\/wp\/v2\/posts\/7265","targetHints":{"allow":["GET"]}}],"collection":[{"href":"https:\/\/www.wegmetderandstad.nl\/wordpress\/index.php?rest_route=\/wp\/v2\/posts"}],"about":[{"href":"https:\/\/www.wegmetderandstad.nl\/wordpress\/index.php?rest_route=\/wp\/v2\/types\/post"}],"author":[{"embeddable":true,"href":"https:\/\/www.wegmetderandstad.nl\/wordpress\/index.php?rest_route=\/wp\/v2\/users\/2"}],"replies":[{"embeddable":true,"href":"https:\/\/www.wegmetderandstad.nl\/wordpress\/index.php?rest_route=%2Fwp%2Fv2%2Fcomments&post=7265"}],"version-history":[{"count":2,"href":"https:\/\/www.wegmetderandstad.nl\/wordpress\/index.php?rest_route=\/wp\/v2\/posts\/7265\/revisions"}],"predecessor-version":[{"id":7267,"href":"https:\/\/www.wegmetderandstad.nl\/wordpress\/index.php?rest_route=\/wp\/v2\/posts\/7265\/revisions\/7267"}],"wp:attachment":[{"href":"https:\/\/www.wegmetderandstad.nl\/wordpress\/index.php?rest_route=%2Fwp%2Fv2%2Fmedia&parent=7265"}],"wp:term":[{"taxonomy":"category","embeddable":true,"href":"https:\/\/www.wegmetderandstad.nl\/wordpress\/index.php?rest_route=%2Fwp%2Fv2%2Fcategories&post=7265"},{"taxonomy":"post_tag","embeddable":true,"href":"https:\/\/www.wegmetderandstad.nl\/wordpress\/index.php?rest_route=%2Fwp%2Fv2%2Ftags&post=7265"}],"curies":[{"name":"wp","href":"https:\/\/api.w.org\/{rel}","templated":true}]}}