{"id":7617,"date":"2014-03-29T23:56:32","date_gmt":"2014-03-29T22:56:32","guid":{"rendered":"http:\/\/www.wegmetderandstad.nl\/wordpress\/?p=7617"},"modified":"2014-03-29T23:56:32","modified_gmt":"2014-03-29T22:56:32","slug":"fryske-horror","status":"publish","type":"post","link":"https:\/\/www.wegmetderandstad.nl\/wordpress\/?p=7617","title":{"rendered":"Fryske horror"},"content":{"rendered":"<p>Nei oanlieding fan <a href=\"http:\/\/itnijs.nl\/2014\/03\/grizelje-yn-de-fryske-taal\" target=\"_blank\">dit berjocht<\/a>, oer de Fryske Horroj\u00fbn by Bernlef it folgjende. It deb\u00fat <a href=\"http:\/\/www.wegmetderandstad.nl\/wordpress\/?p=7596\" target=\"_blank\">Plant<\/a>, d\u00ear&#8217;t ik it l\u00eastlyn oer hie, wie in ferhaal mei horror-eleminten, en dat jildt ek foar myn feulleton &#8216;<a href=\"http:\/\/www.ensafh.nl\/?p=18879\" target=\"_blank\">Br\u00fan Bloed<\/a>&#8216;.<\/p>\n<p>It hat de hearen fan <em>Regaad<\/em> mist, mar soks kin barre. It is yn elts gefal net wier dat de horror oan de Fryske skriuwers foarbygien is.<\/p>\n<p>Lekker iten.<\/p>\n","protected":false},"excerpt":{"rendered":"<p>Nei oanlieding fan dit berjocht, oer de Fryske Horroj\u00fbn by Bernlef it folgjende. It deb\u00fat Plant, d\u00ear&#8217;t ik it l\u00eastlyn oer hie, wie in ferhaal mei horror-eleminten, en dat jildt ek foar myn feulleton &#8216;Br\u00fan Bloed&#8216;. It hat de hearen fan Regaad mist, mar soks kin barre. It is yn elts gefal net wier dat [&hellip;]<\/p>\n","protected":false},"author":2,"featured_media":0,"comment_status":"open","ping_status":"closed","sticky":false,"template":"","format":"standard","meta":{"footnotes":""},"categories":[3],"tags":[],"class_list":["post-7617","post","type-post","status-publish","format-standard","hentry","category-bloch"],"_links":{"self":[{"href":"https:\/\/www.wegmetderandstad.nl\/wordpress\/index.php?rest_route=\/wp\/v2\/posts\/7617","targetHints":{"allow":["GET"]}}],"collection":[{"href":"https:\/\/www.wegmetderandstad.nl\/wordpress\/index.php?rest_route=\/wp\/v2\/posts"}],"about":[{"href":"https:\/\/www.wegmetderandstad.nl\/wordpress\/index.php?rest_route=\/wp\/v2\/types\/post"}],"author":[{"embeddable":true,"href":"https:\/\/www.wegmetderandstad.nl\/wordpress\/index.php?rest_route=\/wp\/v2\/users\/2"}],"replies":[{"embeddable":true,"href":"https:\/\/www.wegmetderandstad.nl\/wordpress\/index.php?rest_route=%2Fwp%2Fv2%2Fcomments&post=7617"}],"version-history":[{"count":2,"href":"https:\/\/www.wegmetderandstad.nl\/wordpress\/index.php?rest_route=\/wp\/v2\/posts\/7617\/revisions"}],"predecessor-version":[{"id":7619,"href":"https:\/\/www.wegmetderandstad.nl\/wordpress\/index.php?rest_route=\/wp\/v2\/posts\/7617\/revisions\/7619"}],"wp:attachment":[{"href":"https:\/\/www.wegmetderandstad.nl\/wordpress\/index.php?rest_route=%2Fwp%2Fv2%2Fmedia&parent=7617"}],"wp:term":[{"taxonomy":"category","embeddable":true,"href":"https:\/\/www.wegmetderandstad.nl\/wordpress\/index.php?rest_route=%2Fwp%2Fv2%2Fcategories&post=7617"},{"taxonomy":"post_tag","embeddable":true,"href":"https:\/\/www.wegmetderandstad.nl\/wordpress\/index.php?rest_route=%2Fwp%2Fv2%2Ftags&post=7617"}],"curies":[{"name":"wp","href":"https:\/\/api.w.org\/{rel}","templated":true}]}}