{"id":7945,"date":"2014-07-30T13:34:48","date_gmt":"2014-07-30T11:34:48","guid":{"rendered":"http:\/\/www.wegmetderandstad.nl\/wordpress\/?p=7945"},"modified":"2014-07-30T23:05:59","modified_gmt":"2014-07-30T21:05:59","slug":"de-folksfrieun","status":"publish","type":"post","link":"https:\/\/www.wegmetderandstad.nl\/wordpress\/?p=7945","title":{"rendered":"De Folksfrieun"},"content":{"rendered":"<p>Komme jim wolris op <a href=\"https:\/\/archive.org\/\" target=\"_blank\">archive.org<\/a>? In wr\u00e2ld oan prachtige boeken, bygelyks it tige nijsgjirrich psychiatrysk wurk fan <a href=\"https:\/\/archive.org\/search.php?query=Krafft-Ebing%20AND%20mediatype%3Atexts\" target=\"_blank\">Krafft-Ebing<\/a>. Mar ek in hiel soad biografyguod en sa. En po\u00ebzij. Ik l\u00eas sokke teksten it leafst as pdf op myn Aaipet, liket folle moaier as op de Kindle. Net allinnich boeken nammers, ek byldmateriaal en&#8230; Sjoch sels mar ris.<\/p>\n<p>En der steane ek Fryske teksten op! Sykje <a href=\"https:\/\/archive.org\/search.php?query=frisian%20AND%20mediatype%3Atexts\" target=\"_blank\">sa<\/a> mar ris. Op it <a href=\"https:\/\/archive.org\/search.php?query=frisian%20AND%20mediatype%3Atexts\" target=\"_blank\">linkje<\/a> klikke dus. Goed sa.<\/p>\n<p>Yn it ferline wie der dus ek al in Master Abe!<\/p>\n<p><a href=\"http:\/\/www.wegmetderandstad.nl\/wordpress\/wp-content\/uploads\/2014\/07\/masterabe.png\"><img loading=\"lazy\" decoding=\"async\" class=\"alignnone  wp-image-7946\" src=\"http:\/\/www.wegmetderandstad.nl\/wordpress\/wp-content\/uploads\/2014\/07\/masterabe.png\" alt=\"masterabe\" width=\"487\" height=\"363\" srcset=\"https:\/\/www.wegmetderandstad.nl\/wordpress\/wp-content\/uploads\/2014\/07\/masterabe.png 728w, https:\/\/www.wegmetderandstad.nl\/wordpress\/wp-content\/uploads\/2014\/07\/masterabe-300x223.png 300w\" sizes=\"auto, (max-width: 487px) 100vw, 487px\" \/><\/a><\/p>\n<p>Dit komt \u00fat: \t<em><a href=\"https:\/\/archive.org\/details\/defolksfrieun00unkngoog\" target=\"_blank\">De Folksfrieun. In Fr\u00eeske reisger troch it Fr\u00eeske l\u00e2n, \u00fbtsti\u00fbrd troch Johannes, Friso en oaren<\/a><\/em><\/p>\n<p>Mar sykje op &#8216;Friesen&#8217; jout ek wol risseltaat.<\/p>\n<p>J\u00fbn hin mei pasta en kerrysaus<\/p>\n","protected":false},"excerpt":{"rendered":"<p>Komme jim wolris op archive.org? In wr\u00e2ld oan prachtige boeken, bygelyks it tige nijsgjirrich psychiatrysk wurk fan Krafft-Ebing. Mar ek in hiel soad biografyguod en sa. En po\u00ebzij. Ik l\u00eas sokke teksten it leafst as pdf op myn Aaipet, liket folle moaier as op de Kindle. Net allinnich boeken nammers, ek byldmateriaal en&#8230; Sjoch sels [&hellip;]<\/p>\n","protected":false},"author":2,"featured_media":0,"comment_status":"open","ping_status":"closed","sticky":false,"template":"","format":"standard","meta":{"footnotes":""},"categories":[3],"tags":[182,183,60],"class_list":["post-7945","post","type-post","status-publish","format-standard","hentry","category-bloch","tag-hin","tag-kerrysaus","tag-pasta"],"_links":{"self":[{"href":"https:\/\/www.wegmetderandstad.nl\/wordpress\/index.php?rest_route=\/wp\/v2\/posts\/7945","targetHints":{"allow":["GET"]}}],"collection":[{"href":"https:\/\/www.wegmetderandstad.nl\/wordpress\/index.php?rest_route=\/wp\/v2\/posts"}],"about":[{"href":"https:\/\/www.wegmetderandstad.nl\/wordpress\/index.php?rest_route=\/wp\/v2\/types\/post"}],"author":[{"embeddable":true,"href":"https:\/\/www.wegmetderandstad.nl\/wordpress\/index.php?rest_route=\/wp\/v2\/users\/2"}],"replies":[{"embeddable":true,"href":"https:\/\/www.wegmetderandstad.nl\/wordpress\/index.php?rest_route=%2Fwp%2Fv2%2Fcomments&post=7945"}],"version-history":[{"count":4,"href":"https:\/\/www.wegmetderandstad.nl\/wordpress\/index.php?rest_route=\/wp\/v2\/posts\/7945\/revisions"}],"predecessor-version":[{"id":7950,"href":"https:\/\/www.wegmetderandstad.nl\/wordpress\/index.php?rest_route=\/wp\/v2\/posts\/7945\/revisions\/7950"}],"wp:attachment":[{"href":"https:\/\/www.wegmetderandstad.nl\/wordpress\/index.php?rest_route=%2Fwp%2Fv2%2Fmedia&parent=7945"}],"wp:term":[{"taxonomy":"category","embeddable":true,"href":"https:\/\/www.wegmetderandstad.nl\/wordpress\/index.php?rest_route=%2Fwp%2Fv2%2Fcategories&post=7945"},{"taxonomy":"post_tag","embeddable":true,"href":"https:\/\/www.wegmetderandstad.nl\/wordpress\/index.php?rest_route=%2Fwp%2Fv2%2Ftags&post=7945"}],"curies":[{"name":"wp","href":"https:\/\/api.w.org\/{rel}","templated":true}]}}