{"id":8003,"date":"2014-09-07T22:16:07","date_gmt":"2014-09-07T20:16:07","guid":{"rendered":"http:\/\/www.wegmetderandstad.nl\/wordpress\/?p=8003"},"modified":"2014-09-07T22:36:07","modified_gmt":"2014-09-07T20:36:07","slug":"jarich-bamy","status":"publish","type":"post","link":"https:\/\/www.wegmetderandstad.nl\/wordpress\/?p=8003","title":{"rendered":"Jarich Bamy"},"content":{"rendered":"<p>\u2018Ik h\u00e2ld de Fryske literatuer yn it algemien wol goed by. Durk van der Ploeg mei ik wol graach l\u00eaze, it iene boek mear as it oare. Gedichten mei ik ek graach l\u00eaze, Cornelis van der Wal fyn ik in hiele goede, orizjinele dichter. Him kin ik noch \u00fat de tiid by de Akademy, hy wie doe ek in skoftke mei it Frysk wurdboek dwaande. Ik l\u00eas in hiel soad, ek \u00e2ldere boeken, bygelyks \u00fat de njoggentjinde ieu, fan Waling Dykstra.&#8217;<\/p>\n<p>Sa hearre jo it ris fan in oar. In sitaat \u00fat it tige nijsgjirrige fraachpetear dat Hedwig Terpstra mei Jarich Hoekstra fierde. It stiet op <a href=\"http:\/\/www.ensafh.nl\/?p=37738\" target=\"_blank\">Frysk Liter\u00ear Tydskrift ensafh<\/a>. Ek wol nijsgjirrich is de reaksje fan kollega redakteur Edwin de Groot op Abe de Vries syn *kuch* <a href=\"http:\/\/www.ensafh.nl\/?p=37731\" target=\"_blank\">analyse<\/a> fan de nijste papieren ensafh&#8230;<\/p>\n<p><a href=\"http:\/\/www.wegmetderandstad.nl\/wordpress\/wp-content\/uploads\/2014\/09\/10390004_972184336140592_87402263023472371_n.jpg\"><img loading=\"lazy\" decoding=\"async\" class=\"alignnone wp-image-8006 size-medium\" src=\"http:\/\/www.wegmetderandstad.nl\/wordpress\/wp-content\/uploads\/2014\/09\/10390004_972184336140592_87402263023472371_n-225x300.jpg\" alt=\"10390004_972184336140592_87402263023472371_n\" width=\"225\" height=\"300\" srcset=\"https:\/\/www.wegmetderandstad.nl\/wordpress\/wp-content\/uploads\/2014\/09\/10390004_972184336140592_87402263023472371_n-225x300.jpg 225w, https:\/\/www.wegmetderandstad.nl\/wordpress\/wp-content\/uploads\/2014\/09\/10390004_972184336140592_87402263023472371_n.jpg 720w\" sizes=\"auto, (max-width: 225px) 100vw, 225px\" \/><\/a><\/p>\n<p>Oer dichtsjen sprutsen: ik sil de kommende wike, hjir op de kemping oan de Iselmar, wer nij wurk skriuwe, dat wit ik no al. Ik haw it wer lang opsparre&#8230;<\/p>\n<p>Wy hawwe bamy iten.<\/p>\n","protected":false},"excerpt":{"rendered":"<p>\u2018Ik h\u00e2ld de Fryske literatuer yn it algemien wol goed by. Durk van der Ploeg mei ik wol graach l\u00eaze, it iene boek mear as it oare. Gedichten mei ik ek graach l\u00eaze, Cornelis van der Wal fyn ik in hiele goede, orizjinele dichter. Him kin ik noch \u00fat de tiid by de Akademy, hy [&hellip;]<\/p>\n","protected":false},"author":2,"featured_media":0,"comment_status":"open","ping_status":"closed","sticky":false,"template":"","format":"standard","meta":{"footnotes":""},"categories":[3],"tags":[130,298,145,714],"class_list":["post-8003","post","type-post","status-publish","format-standard","hentry","category-bloch","tag-abe-de-vries","tag-edwin-de-groot","tag-ensafh","tag-jarich-hoekstra"],"_links":{"self":[{"href":"https:\/\/www.wegmetderandstad.nl\/wordpress\/index.php?rest_route=\/wp\/v2\/posts\/8003","targetHints":{"allow":["GET"]}}],"collection":[{"href":"https:\/\/www.wegmetderandstad.nl\/wordpress\/index.php?rest_route=\/wp\/v2\/posts"}],"about":[{"href":"https:\/\/www.wegmetderandstad.nl\/wordpress\/index.php?rest_route=\/wp\/v2\/types\/post"}],"author":[{"embeddable":true,"href":"https:\/\/www.wegmetderandstad.nl\/wordpress\/index.php?rest_route=\/wp\/v2\/users\/2"}],"replies":[{"embeddable":true,"href":"https:\/\/www.wegmetderandstad.nl\/wordpress\/index.php?rest_route=%2Fwp%2Fv2%2Fcomments&post=8003"}],"version-history":[{"count":5,"href":"https:\/\/www.wegmetderandstad.nl\/wordpress\/index.php?rest_route=\/wp\/v2\/posts\/8003\/revisions"}],"predecessor-version":[{"id":8009,"href":"https:\/\/www.wegmetderandstad.nl\/wordpress\/index.php?rest_route=\/wp\/v2\/posts\/8003\/revisions\/8009"}],"wp:attachment":[{"href":"https:\/\/www.wegmetderandstad.nl\/wordpress\/index.php?rest_route=%2Fwp%2Fv2%2Fmedia&parent=8003"}],"wp:term":[{"taxonomy":"category","embeddable":true,"href":"https:\/\/www.wegmetderandstad.nl\/wordpress\/index.php?rest_route=%2Fwp%2Fv2%2Fcategories&post=8003"},{"taxonomy":"post_tag","embeddable":true,"href":"https:\/\/www.wegmetderandstad.nl\/wordpress\/index.php?rest_route=%2Fwp%2Fv2%2Ftags&post=8003"}],"curies":[{"name":"wp","href":"https:\/\/api.w.org\/{rel}","templated":true}]}}