{"id":8570,"date":"2015-04-21T14:02:39","date_gmt":"2015-04-21T12:02:39","guid":{"rendered":"http:\/\/www.wegmetderandstad.nl\/wordpress\/?p=8570"},"modified":"2015-04-21T14:02:39","modified_gmt":"2015-04-21T12:02:39","slug":"klaas-heidegger","status":"publish","type":"post","link":"https:\/\/www.wegmetderandstad.nl\/wordpress\/?p=8570","title":{"rendered":"Klaas Heidegger"},"content":{"rendered":"<p>Hjoed op Liter\u00ear Tydskrift ensafh <a href=\"http:\/\/www.ensafh.nl\/?p=40337\" target=\"_blank\">in petear<\/a> dat Klaas Jansma h\u00e2lde mei de nije deputearre fan kultuer Abe Riginal.<\/p>\n<p>Hjir\u00fbnder in oare klassiker fan Duo von D\u00e4niken!<\/p>\n<p>&nbsp;<\/p>\n<p><iframe loading=\"lazy\" title=\"Jan en de Heideggers: De tiid mei dy is no foarby\" width=\"500\" height=\"375\" src=\"https:\/\/www.youtube.com\/embed\/En4o7BIQ6UY?feature=oembed\" frameborder=\"0\" allow=\"accelerometer; autoplay; clipboard-write; encrypted-media; gyroscope; picture-in-picture; web-share\" referrerpolicy=\"strict-origin-when-cross-origin\" allowfullscreen><\/iframe><\/p>\n","protected":false},"excerpt":{"rendered":"<p>Hjoed op Liter\u00ear Tydskrift ensafh in petear dat Klaas Jansma h\u00e2lde mei de nije deputearre fan kultuer Abe Riginal. Hjir\u00fbnder in oare klassiker fan Duo von D\u00e4niken! &nbsp;<\/p>\n","protected":false},"author":2,"featured_media":0,"comment_status":"open","ping_status":"closed","sticky":false,"template":"","format":"standard","meta":{"footnotes":""},"categories":[3],"tags":[70,145,485],"class_list":["post-8570","post","type-post","status-publish","format-standard","hentry","category-bloch","tag-duo-von-daniken","tag-ensafh","tag-klaas-jansma"],"_links":{"self":[{"href":"https:\/\/www.wegmetderandstad.nl\/wordpress\/index.php?rest_route=\/wp\/v2\/posts\/8570","targetHints":{"allow":["GET"]}}],"collection":[{"href":"https:\/\/www.wegmetderandstad.nl\/wordpress\/index.php?rest_route=\/wp\/v2\/posts"}],"about":[{"href":"https:\/\/www.wegmetderandstad.nl\/wordpress\/index.php?rest_route=\/wp\/v2\/types\/post"}],"author":[{"embeddable":true,"href":"https:\/\/www.wegmetderandstad.nl\/wordpress\/index.php?rest_route=\/wp\/v2\/users\/2"}],"replies":[{"embeddable":true,"href":"https:\/\/www.wegmetderandstad.nl\/wordpress\/index.php?rest_route=%2Fwp%2Fv2%2Fcomments&post=8570"}],"version-history":[{"count":1,"href":"https:\/\/www.wegmetderandstad.nl\/wordpress\/index.php?rest_route=\/wp\/v2\/posts\/8570\/revisions"}],"predecessor-version":[{"id":8571,"href":"https:\/\/www.wegmetderandstad.nl\/wordpress\/index.php?rest_route=\/wp\/v2\/posts\/8570\/revisions\/8571"}],"wp:attachment":[{"href":"https:\/\/www.wegmetderandstad.nl\/wordpress\/index.php?rest_route=%2Fwp%2Fv2%2Fmedia&parent=8570"}],"wp:term":[{"taxonomy":"category","embeddable":true,"href":"https:\/\/www.wegmetderandstad.nl\/wordpress\/index.php?rest_route=%2Fwp%2Fv2%2Fcategories&post=8570"},{"taxonomy":"post_tag","embeddable":true,"href":"https:\/\/www.wegmetderandstad.nl\/wordpress\/index.php?rest_route=%2Fwp%2Fv2%2Ftags&post=8570"}],"curies":[{"name":"wp","href":"https:\/\/api.w.org\/{rel}","templated":true}]}}